{"id":18302,"date":"2023-07-12T15:34:52","date_gmt":"2023-07-12T15:34:52","guid":{"rendered":"https:\/\/www.isqe.com\/?p=18302"},"modified":"2023-07-12T16:25:39","modified_gmt":"2023-07-12T16:25:39","slug":"as-pessoas-estao-no-epicentro-do-discurso","status":"publish","type":"post","link":"https:\/\/www.isqe.com\/fr\/as-pessoas-estao-no-epicentro-do-discurso\/","title":{"rendered":"LES GENS SONT \u00c0 L\u2019\u00c9PICENTRE DU DISCOURS"},"content":{"rendered":"<div class=\"wpb-content-wrapper\"><div class=\"vc_row wpb_row section vc_row-fluid  vc_custom_1641467514738\" style=' text-align:left;'><div class=\"full_section_inner clearfix\"><div class=\"wpb_column vc_column_container vc_col-sm-12\"><div class=\"vc_column-inner\"><div class=\"wpb_wrapper\"><div class='q_elements_holder two_columns eh_two_columns_66_33 responsive_mode_from_768' ><div class='q_elements_item' data-animation='no' data-item-class='q_elements_holder_custom_471253' style='background-image: url(https:\/\/www.isqe.com\/wp-content\/uploads\/2023\/07\/Destaque_ISQe_-Pessoas_Epicentro.png);background-position: center;background-size: cover;'><div class='q_elements_item_inner'><div class='q_elements_item_content q_elements_holder_custom_471253'><\/div><\/div><\/div><div class='q_elements_item' data-animation='no' data-item-class='q_elements_holder_custom_310115' style='background-color:#ed1b34;'><div class='q_elements_item_inner'><div class='q_elements_item_content q_elements_holder_custom_310115' style='padding:20% 10% 20% 10%'>\n\t<div class=\"wpb_text_column wpb_content_element\">\n\t\t<div class=\"wpb_wrapper\">\n\t\t\t<h2><span style=\"color: #ffffff;\"><span style=\"font-size: 74px; letter-spacing: -4px; text-transform: lowercase;\">pessoas<\/span><\/span><\/h2>\n\n\t\t<\/div>\n\t<\/div><div class=\"separator  small left\" style=\"margin-top: 12px;background-color: #9d0b0f;\"><\/div>\n\t<div class=\"wpb_text_column wpb_content_element\">\n\t\t<div class=\"wpb_wrapper\">\n\t\t\t\n\t\t<\/div>\n\t<\/div><div class=\"vc_empty_space\"  style=\"height: 100px\" >\n\t<span class=\"vc_empty_space_inner\">\n\t\t<span class=\"empty_space_image\"  ><\/span>\n\t<\/span>\n<\/div><\/div><\/div><\/div><\/div><\/div><\/div><\/div><\/div><\/div><div      class=\"vc_row wpb_row section vc_row-fluid\" style=' text-align:left;'><div class=\"full_section_inner clearfix\"><div class=\"wpb_column vc_column_container vc_col-sm-12\"><div class=\"vc_column-inner\"><div class=\"wpb_wrapper\"><div      class=\"vc_row wpb_row section vc_row-fluid vc_inner\" style=' text-align:left;'><div class=\"full_section_inner clearfix\"><div class=\"wpb_column vc_column_container vc_col-sm-12\"><div class=\"vc_column-inner\"><div class=\"wpb_wrapper\"><div class=\"separator  transparent\" style=\"margin-top: 30px;margin-bottom: 0px;\"><\/div>\n\t<div class=\"wpb_text_column wpb_content_element\">\n\t\t<div class=\"wpb_wrapper\">\n\t\t\t<h1 style=\"text-align: center;\">As pessoas est\u00e3o (finalmente) no epicentro do discurso<\/h1>\n\n\t\t<\/div>\n\t<\/div><\/div><\/div><\/div><\/div><\/div><div class=\"separator  transparent\" style=\"margin-top: 30px;margin-bottom: 0px;\"><\/div><div      class=\"vc_row wpb_row section vc_row-fluid vc_inner\" style=' text-align:left;'><div class=\"full_section_inner clearfix\"><div class=\"wpb_column vc_column_container vc_col-sm-6\"><div class=\"vc_column-inner\"><div class=\"wpb_wrapper\">\n\t<div class=\"wpb_text_column wpb_content_element\">\n\t\t<div class=\"wpb_wrapper\">\n\t\t\t<p><em><strong>Reset, Rebirth and Reinvent <\/strong><\/em><em><strong>Ourselves<\/strong> <\/em>\u00e9 um mote impactante que n\u00e3o pode deixar ningu\u00e9m da \u00e1rea do <strong>Digital Learning<\/strong> indiferente. Por outras palavras, leva-nos a assumir n\u00e3o s\u00f3 a posi\u00e7\u00e3o estrat\u00e9gica da aprendizagem ao longo da vida, mas tamb\u00e9m a necessidade de a fazer acontecer no dia a dia, no decorrer do fluxo de trabalho, para que cada um de n\u00f3s, assim como as organiza\u00e7\u00f5es em que trabalhamos, consigam prosperar num mundo em constante evolu\u00e7\u00e3o. Enquanto as lideran\u00e7as reinventam os seus neg\u00f3cios com foco na economia e no mundo, os departamentos de Pessoas, promovendo planos de forma\u00e7\u00e3o eficazes e disponibilizando recursos eficientes, adequados e atempados aos colaboradores, t\u00eam hoje os meios, a capacidade e<br \/>\na responsabilidade de liderar essa transforma\u00e7\u00e3o a partir de dentro, garantindo o <em>upskilling<\/em> e <em>reskilling<\/em> necess\u00e1rios aos seus colaboradores e, consequentemente, \u00e0s organiza\u00e7\u00f5es.<\/p>\n<p>Sem querer romantizar o papel dos departamentos de RH e de forma\u00e7\u00e3o, a verdade \u00e9 que num mundo empresarial altamente mut\u00e1vel onde a vantagem competitiva se guia pela capacidade de inova\u00e7\u00e3o, as Pessoas (finalmente) est\u00e3o e t\u00eam de estar no epicentro do discurso e, claro, da a\u00e7\u00e3o. O atual posicionamento da paridade e da igualdade, seja ela de cren\u00e7as religiosas, orienta\u00e7\u00f5es sexuais, identidades de g\u00e9nero, LGBT, \u00e9tnicas ou mesmo et\u00e1rias, assume tamb\u00e9m um papel<\/p>\n\n\t\t<\/div>\n\t<\/div><\/div><\/div><\/div><div class=\"wpb_column vc_column_container vc_col-sm-6\"><div class=\"vc_column-inner\"><div class=\"wpb_wrapper\">\n\t<div class=\"wpb_text_column wpb_content_element\">\n\t\t<div class=\"wpb_wrapper\">\n\t\t\t<p>fundamental na diversidade das equipas, e consequentemente, no impulso da criatividade e inova\u00e7\u00e3o, para o qual \u00e9 necess\u00e1rio construir um caminho s\u00f3lido e verdadeiramente equitativo, honesto e imparcial no seio das organiza\u00e7\u00f5es. Garantir que cada colaborador tem a capacidade e as ferramentas para se reinventar perante este mundo em necess\u00e1ria mudan\u00e7a, da opera\u00e7\u00e3o \u00e0s lideran\u00e7as interm\u00e9dias ou mesmo aos <em>boards<\/em> das organiza\u00e7\u00f5es, n\u00e3o \u00e9 uma tarefa f\u00e1cil, mas \u00e9 sem d\u00favida a resposta humanizada e urgente de que precisamos.<br \/>\nA integra\u00e7\u00e3o de t\u00e9cnicas e tecnologias inovadoras, atendendo como fator primordial de sele\u00e7\u00e3o ao contexto de aplica\u00e7\u00e3o espec\u00edfico, desde o <em>microlearning<\/em>, \u00e0 <em>gamification<\/em>, \u00e0 realidade virtual (VR), \u00e0 realidade aumentada (AR) at\u00e9 \u00e0 intelig\u00eancia artificial (IA), seja na produ\u00e7\u00e3o de materiais de forma\u00e7\u00e3o ou na sua distribui\u00e7\u00e3o atrav\u00e9s da <em><strong>Talent eXperience Platform<\/strong><\/em> que implementamos, <strong>Cornerstone onDemand<\/strong>, t\u00eam demonstrado um aumento significativo da efic\u00e1cia e do envolvimento ativo e consciente dos colaboradores nas iniciativas de aprendizagem. <strong>No ISQe<\/strong> <strong>posicionamo-nos nesta esfera desafiadora<\/strong>, tanto a n\u00edvel interno, como no suporte que damos diariamente aos nossos clientes, atrav\u00e9s de solu\u00e7\u00f5es onde integrando a tecnologia, com o design e a pedagogia, criamos produtos inovadores e diferenciados, capazes de revolucionar as experi\u00eancias de aprendizagem.<\/p>\n\n\t\t<\/div>\n\t<\/div><div class=\"separator  transparent\" style=\"\"><\/div><\/div><\/div><\/div><\/div><\/div><div class=\"separator  transparent\" style=\"margin-top: 2px;margin-bottom: 0px;\"><\/div><div class=\"separator  transparent\" style=\"\"><\/div><\/div><\/div><\/div><\/div><\/div><div      class=\"vc_row wpb_row section vc_row-fluid\" style=' text-align:left;'><div class=\"full_section_inner clearfix\"><div class=\"wpb_column vc_column_container vc_col-sm-12\"><div class=\"vc_column-inner\"><div class=\"wpb_wrapper\"><div class=\"separator  transparent\" style=\"\"><\/div>\n\t<div class=\"wpb_single_image wpb_content_element vc_align_left\">\n\t\t<div class=\"wpb_wrapper\">\n\t\t\t\n\t\t\t<div class=\"vc_single_image-wrapper   vc_box_border_grey\"><img loading=\"lazy\" decoding=\"async\" width=\"150\" height=\"150\" src=\"https:\/\/www.isqe.com\/wp-content\/uploads\/2023\/02\/RuteFerreira_ISQe-150x150.png\" class=\"vc_single_image-img attachment-thumbnail\" alt=\"\" title=\"RuteFerreira_ISQe\" srcset=\"https:\/\/www.isqe.com\/wp-content\/uploads\/2023\/02\/RuteFerreira_ISQe-150x150.png 150w, https:\/\/www.isqe.com\/wp-content\/uploads\/2023\/02\/RuteFerreira_ISQe-300x300.png 300w, https:\/\/www.isqe.com\/wp-content\/uploads\/2023\/02\/RuteFerreira_ISQe-1024x1024.png 1024w, https:\/\/www.isqe.com\/wp-content\/uploads\/2023\/02\/RuteFerreira_ISQe-768x768.png 768w, https:\/\/www.isqe.com\/wp-content\/uploads\/2023\/02\/RuteFerreira_ISQe-12x12.png 12w, https:\/\/www.isqe.com\/wp-content\/uploads\/2023\/02\/RuteFerreira_ISQe-570x570.png 570w, https:\/\/www.isqe.com\/wp-content\/uploads\/2023\/02\/RuteFerreira_ISQe-500x500.png 500w, https:\/\/www.isqe.com\/wp-content\/uploads\/2023\/02\/RuteFerreira_ISQe-1000x1000.png 1000w, https:\/\/www.isqe.com\/wp-content\/uploads\/2023\/02\/RuteFerreira_ISQe-700x700.png 700w, https:\/\/www.isqe.com\/wp-content\/uploads\/2023\/02\/RuteFerreira_ISQe.png 1080w\" sizes=\"auto, (max-width: 150px) 100vw, 150px\" \/><\/div>\n\t\t<\/div>\n\t<\/div>\n<div class=\"separator  transparent\" style=\"\"><\/div>\n\t<div class=\"wpb_text_column wpb_content_element\">\n\t\t<div class=\"wpb_wrapper\">\n\t\t\t<h6>Rute Ferreira, Head of Digital Learning eXperience no ISQe<\/h6>\n<h6>Este artigo foi publicado na revista L\u00edder, edi\u00e7\u00e3o 22, ver\u00e3o (junho-agosto), 2023.<\/h6>\n<p>&nbsp;<\/p>\n<p><a href=\"https:\/\/www.isqe.com\/wp-content\/uploads\/2023\/07\/Lider22_Leading-Opinion_-ISQe_vfinal_edicao.pdf\">Download PDF<\/a><\/p>\n\n\t\t<\/div>\n\t<\/div><\/div><\/div><\/div><\/div><\/div>\n<\/div>","protected":false},"excerpt":{"rendered":"<p>Reset, Rebirth and Reinvent Ourselves \u00e9 um mote impactante que n\u00e3o pode deixar ningu\u00e9m da \u00e1rea do Digital Learning indiferente.<\/p>","protected":false},"author":7,"featured_media":18312,"comment_status":"open","ping_status":"open","sticky":false,"template":"","format":"standard","meta":{"_monsterinsights_skip_tracking":false,"_monsterinsights_sitenote_active":false,"_monsterinsights_sitenote_note":"","_monsterinsights_sitenote_category":0,"footnotes":""},"categories":[109],"tags":[],"class_list":["post-18302","post","type-post","status-publish","format-standard","has-post-thumbnail","hentry","category-destaques-isqe"],"yoast_head":"<!-- This site is optimized with the Yoast SEO plugin v26.6 - https:\/\/yoast.com\/wordpress\/plugins\/seo\/ -->\n<title>As pessoas est\u00e3o no epicentro do discurso - ISQe<\/title>\n<meta name=\"description\" content=\"Reset, Rebirth and Reinvent Ourselves - Como o Digital Learning pode transformar carreiras e impulsionar sucessos.\" \/>\n<meta name=\"robots\" content=\"index, follow, max-snippet:-1, max-image-preview:large, max-video-preview:-1\" \/>\n<link rel=\"canonical\" href=\"https:\/\/www.isqe.com\/fr\/as-pessoas-estao-no-epicentro-do-discurso\/\" \/>\n<meta property=\"og:locale\" content=\"fr_FR\" \/>\n<meta property=\"og:type\" content=\"article\" \/>\n<meta property=\"og:title\" content=\"As pessoas est\u00e3o no epicentro do discurso - ISQe\" \/>\n<meta property=\"og:description\" content=\"Reset, Rebirth and Reinvent Ourselves - Como o Digital Learning pode transformar carreiras e impulsionar sucessos.\" \/>\n<meta property=\"og:url\" content=\"https:\/\/www.isqe.com\/fr\/as-pessoas-estao-no-epicentro-do-discurso\/\" \/>\n<meta property=\"og:site_name\" content=\"ISQe\" \/>\n<meta property=\"article:publisher\" content=\"https:\/\/www.facebook.com\/ISQe.Engaging.People\" \/>\n<meta property=\"article:published_time\" content=\"2023-07-12T15:34:52+00:00\" \/>\n<meta property=\"article:modified_time\" content=\"2023-07-12T16:25:39+00:00\" \/>\n<meta property=\"og:image\" content=\"https:\/\/www.isqe.com\/wp-content\/uploads\/2023\/07\/Destaque_ISQe_-Pessoas_Epicentro.png\" \/>\n\t<meta property=\"og:image:width\" content=\"1050\" \/>\n\t<meta property=\"og:image:height\" content=\"487\" \/>\n\t<meta property=\"og:image:type\" content=\"image\/png\" \/>\n<meta name=\"author\" content=\"Filipe Seixas\" \/>\n<meta name=\"twitter:card\" content=\"summary_large_image\" \/>\n<meta name=\"twitter:label1\" content=\"\u00c9crit par\" \/>\n\t<meta name=\"twitter:data1\" content=\"Filipe Seixas\" \/>\n\t<meta name=\"twitter:label2\" content=\"Dur\u00e9e de lecture estim\u00e9e\" \/>\n\t<meta name=\"twitter:data2\" content=\"3 minutes\" \/>\n<script type=\"application\/ld+json\" class=\"yoast-schema-graph\">{\"@context\":\"https:\/\/schema.org\",\"@graph\":[{\"@type\":\"Article\",\"@id\":\"https:\/\/www.isqe.com\/as-pessoas-estao-no-epicentro-do-discurso\/#article\",\"isPartOf\":{\"@id\":\"https:\/\/www.isqe.com\/as-pessoas-estao-no-epicentro-do-discurso\/\"},\"author\":{\"name\":\"Filipe Seixas\",\"@id\":\"https:\/\/www.isqe.com\/#\/schema\/person\/fde41b5891838fe116b994e1550cfc60\"},\"headline\":\"As pessoas est\u00e3o no epicentro do discurso\",\"datePublished\":\"2023-07-12T15:34:52+00:00\",\"dateModified\":\"2023-07-12T16:25:39+00:00\",\"mainEntityOfPage\":{\"@id\":\"https:\/\/www.isqe.com\/as-pessoas-estao-no-epicentro-do-discurso\/\"},\"wordCount\":804,\"commentCount\":222,\"publisher\":{\"@id\":\"https:\/\/www.isqe.com\/#organization\"},\"image\":{\"@id\":\"https:\/\/www.isqe.com\/as-pessoas-estao-no-epicentro-do-discurso\/#primaryimage\"},\"thumbnailUrl\":\"https:\/\/www.isqe.com\/wp-content\/uploads\/2023\/07\/Destaque_ISQe_-Pessoas_Epicentro.png\",\"articleSection\":[\"Destaques ISQe\"],\"inLanguage\":\"fr-FR\",\"potentialAction\":[{\"@type\":\"CommentAction\",\"name\":\"Comment\",\"target\":[\"https:\/\/www.isqe.com\/as-pessoas-estao-no-epicentro-do-discurso\/#respond\"]}]},{\"@type\":\"WebPage\",\"@id\":\"https:\/\/www.isqe.com\/as-pessoas-estao-no-epicentro-do-discurso\/\",\"url\":\"https:\/\/www.isqe.com\/as-pessoas-estao-no-epicentro-do-discurso\/\",\"name\":\"As pessoas est\u00e3o no epicentro do discurso - ISQe\",\"isPartOf\":{\"@id\":\"https:\/\/www.isqe.com\/#website\"},\"primaryImageOfPage\":{\"@id\":\"https:\/\/www.isqe.com\/as-pessoas-estao-no-epicentro-do-discurso\/#primaryimage\"},\"image\":{\"@id\":\"https:\/\/www.isqe.com\/as-pessoas-estao-no-epicentro-do-discurso\/#primaryimage\"},\"thumbnailUrl\":\"https:\/\/www.isqe.com\/wp-content\/uploads\/2023\/07\/Destaque_ISQe_-Pessoas_Epicentro.png\",\"datePublished\":\"2023-07-12T15:34:52+00:00\",\"dateModified\":\"2023-07-12T16:25:39+00:00\",\"description\":\"Reset, Rebirth and Reinvent Ourselves - Como o Digital Learning pode transformar carreiras e impulsionar sucessos.\",\"breadcrumb\":{\"@id\":\"https:\/\/www.isqe.com\/as-pessoas-estao-no-epicentro-do-discurso\/#breadcrumb\"},\"inLanguage\":\"fr-FR\",\"potentialAction\":[{\"@type\":\"ReadAction\",\"target\":[\"https:\/\/www.isqe.com\/as-pessoas-estao-no-epicentro-do-discurso\/\"]}]},{\"@type\":\"ImageObject\",\"inLanguage\":\"fr-FR\",\"@id\":\"https:\/\/www.isqe.com\/as-pessoas-estao-no-epicentro-do-discurso\/#primaryimage\",\"url\":\"https:\/\/www.isqe.com\/wp-content\/uploads\/2023\/07\/Destaque_ISQe_-Pessoas_Epicentro.png\",\"contentUrl\":\"https:\/\/www.isqe.com\/wp-content\/uploads\/2023\/07\/Destaque_ISQe_-Pessoas_Epicentro.png\",\"width\":1050,\"height\":487},{\"@type\":\"BreadcrumbList\",\"@id\":\"https:\/\/www.isqe.com\/as-pessoas-estao-no-epicentro-do-discurso\/#breadcrumb\",\"itemListElement\":[{\"@type\":\"ListItem\",\"position\":1,\"name\":\"In\u00edcio\",\"item\":\"https:\/\/www.isqe.com\/\"},{\"@type\":\"ListItem\",\"position\":2,\"name\":\"As pessoas est\u00e3o no epicentro do discurso\"}]},{\"@type\":\"WebSite\",\"@id\":\"https:\/\/www.isqe.com\/#website\",\"url\":\"https:\/\/www.isqe.com\/\",\"name\":\"ISQe\",\"description\":\"Engaging People\",\"publisher\":{\"@id\":\"https:\/\/www.isqe.com\/#organization\"},\"potentialAction\":[{\"@type\":\"SearchAction\",\"target\":{\"@type\":\"EntryPoint\",\"urlTemplate\":\"https:\/\/www.isqe.com\/?s={search_term_string}\"},\"query-input\":{\"@type\":\"PropertyValueSpecification\",\"valueRequired\":true,\"valueName\":\"search_term_string\"}}],\"inLanguage\":\"fr-FR\"},{\"@type\":\"Organization\",\"@id\":\"https:\/\/www.isqe.com\/#organization\",\"name\":\"ISQe\",\"url\":\"https:\/\/www.isqe.com\/\",\"logo\":{\"@type\":\"ImageObject\",\"inLanguage\":\"fr-FR\",\"@id\":\"https:\/\/www.isqe.com\/#\/schema\/logo\/image\/\",\"url\":\"https:\/\/www.isqe.com\/wp-content\/uploads\/2022\/01\/ISQe-logotipo-web.png\",\"contentUrl\":\"https:\/\/www.isqe.com\/wp-content\/uploads\/2022\/01\/ISQe-logotipo-web.png\",\"width\":842,\"height\":596,\"caption\":\"ISQe\"},\"image\":{\"@id\":\"https:\/\/www.isqe.com\/#\/schema\/logo\/image\/\"},\"sameAs\":[\"https:\/\/www.facebook.com\/ISQe.Engaging.People\",\"https:\/\/www.instagram.com\/isqe.engage.people\/\",\"https:\/\/pt.linkedin.com\/company\/isqe\",\"https:\/\/www.youtube.com\/channel\/UChrGaLoIk_sh__ZEoCzBjxA\/featured\"]},{\"@type\":\"Person\",\"@id\":\"https:\/\/www.isqe.com\/#\/schema\/person\/fde41b5891838fe116b994e1550cfc60\",\"name\":\"Filipe Seixas\",\"image\":{\"@type\":\"ImageObject\",\"inLanguage\":\"fr-FR\",\"@id\":\"https:\/\/www.isqe.com\/#\/schema\/person\/image\/\",\"url\":\"https:\/\/secure.gravatar.com\/avatar\/1f7ba5a4adadb45bb6df34938e0dd82634327786b61497e16d8607b065a93b1a?s=96&d=mm&r=g\",\"contentUrl\":\"https:\/\/secure.gravatar.com\/avatar\/1f7ba5a4adadb45bb6df34938e0dd82634327786b61497e16d8607b065a93b1a?s=96&d=mm&r=g\",\"caption\":\"Filipe Seixas\"},\"sameAs\":[\"http:\/\/isqe.com\"],\"url\":\"https:\/\/www.isqe.com\/fr\/author\/filipe-seixasisqe-com\/\"}]}<\/script>\n<!-- \/ Yoast SEO plugin. -->","yoast_head_json":{"title":"As pessoas est\u00e3o no epicentro do discurso - ISQe","description":"Reset, Rebirth and Reinvent Ourselves - Como o Digital Learning pode transformar carreiras e impulsionar sucessos.","robots":{"index":"index","follow":"follow","max-snippet":"max-snippet:-1","max-image-preview":"max-image-preview:large","max-video-preview":"max-video-preview:-1"},"canonical":"https:\/\/www.isqe.com\/fr\/as-pessoas-estao-no-epicentro-do-discurso\/","og_locale":"fr_FR","og_type":"article","og_title":"As pessoas est\u00e3o no epicentro do discurso - ISQe","og_description":"Reset, Rebirth and Reinvent Ourselves - Como o Digital Learning pode transformar carreiras e impulsionar sucessos.","og_url":"https:\/\/www.isqe.com\/fr\/as-pessoas-estao-no-epicentro-do-discurso\/","og_site_name":"ISQe","article_publisher":"https:\/\/www.facebook.com\/ISQe.Engaging.People","article_published_time":"2023-07-12T15:34:52+00:00","article_modified_time":"2023-07-12T16:25:39+00:00","og_image":[{"width":1050,"height":487,"url":"https:\/\/www.isqe.com\/wp-content\/uploads\/2023\/07\/Destaque_ISQe_-Pessoas_Epicentro.png","type":"image\/png"}],"author":"Filipe Seixas","twitter_card":"summary_large_image","twitter_misc":{"\u00c9crit par":"Filipe Seixas","Dur\u00e9e de lecture estim\u00e9e":"3 minutes"},"schema":{"@context":"https:\/\/schema.org","@graph":[{"@type":"Article","@id":"https:\/\/www.isqe.com\/as-pessoas-estao-no-epicentro-do-discurso\/#article","isPartOf":{"@id":"https:\/\/www.isqe.com\/as-pessoas-estao-no-epicentro-do-discurso\/"},"author":{"name":"Filipe Seixas","@id":"https:\/\/www.isqe.com\/#\/schema\/person\/fde41b5891838fe116b994e1550cfc60"},"headline":"As pessoas est\u00e3o no epicentro do discurso","datePublished":"2023-07-12T15:34:52+00:00","dateModified":"2023-07-12T16:25:39+00:00","mainEntityOfPage":{"@id":"https:\/\/www.isqe.com\/as-pessoas-estao-no-epicentro-do-discurso\/"},"wordCount":804,"commentCount":222,"publisher":{"@id":"https:\/\/www.isqe.com\/#organization"},"image":{"@id":"https:\/\/www.isqe.com\/as-pessoas-estao-no-epicentro-do-discurso\/#primaryimage"},"thumbnailUrl":"https:\/\/www.isqe.com\/wp-content\/uploads\/2023\/07\/Destaque_ISQe_-Pessoas_Epicentro.png","articleSection":["Destaques ISQe"],"inLanguage":"fr-FR","potentialAction":[{"@type":"CommentAction","name":"Comment","target":["https:\/\/www.isqe.com\/as-pessoas-estao-no-epicentro-do-discurso\/#respond"]}]},{"@type":"WebPage","@id":"https:\/\/www.isqe.com\/as-pessoas-estao-no-epicentro-do-discurso\/","url":"https:\/\/www.isqe.com\/as-pessoas-estao-no-epicentro-do-discurso\/","name":"As pessoas est\u00e3o no epicentro do discurso - ISQe","isPartOf":{"@id":"https:\/\/www.isqe.com\/#website"},"primaryImageOfPage":{"@id":"https:\/\/www.isqe.com\/as-pessoas-estao-no-epicentro-do-discurso\/#primaryimage"},"image":{"@id":"https:\/\/www.isqe.com\/as-pessoas-estao-no-epicentro-do-discurso\/#primaryimage"},"thumbnailUrl":"https:\/\/www.isqe.com\/wp-content\/uploads\/2023\/07\/Destaque_ISQe_-Pessoas_Epicentro.png","datePublished":"2023-07-12T15:34:52+00:00","dateModified":"2023-07-12T16:25:39+00:00","description":"Reset, Rebirth and Reinvent Ourselves - Como o Digital Learning pode transformar carreiras e impulsionar sucessos.","breadcrumb":{"@id":"https:\/\/www.isqe.com\/as-pessoas-estao-no-epicentro-do-discurso\/#breadcrumb"},"inLanguage":"fr-FR","potentialAction":[{"@type":"ReadAction","target":["https:\/\/www.isqe.com\/as-pessoas-estao-no-epicentro-do-discurso\/"]}]},{"@type":"ImageObject","inLanguage":"fr-FR","@id":"https:\/\/www.isqe.com\/as-pessoas-estao-no-epicentro-do-discurso\/#primaryimage","url":"https:\/\/www.isqe.com\/wp-content\/uploads\/2023\/07\/Destaque_ISQe_-Pessoas_Epicentro.png","contentUrl":"https:\/\/www.isqe.com\/wp-content\/uploads\/2023\/07\/Destaque_ISQe_-Pessoas_Epicentro.png","width":1050,"height":487},{"@type":"BreadcrumbList","@id":"https:\/\/www.isqe.com\/as-pessoas-estao-no-epicentro-do-discurso\/#breadcrumb","itemListElement":[{"@type":"ListItem","position":1,"name":"In\u00edcio","item":"https:\/\/www.isqe.com\/"},{"@type":"ListItem","position":2,"name":"As pessoas est\u00e3o no epicentro do discurso"}]},{"@type":"WebSite","@id":"https:\/\/www.isqe.com\/#website","url":"https:\/\/www.isqe.com\/","name":"ISQe","description":"Engaging People","publisher":{"@id":"https:\/\/www.isqe.com\/#organization"},"potentialAction":[{"@type":"SearchAction","target":{"@type":"EntryPoint","urlTemplate":"https:\/\/www.isqe.com\/?s={search_term_string}"},"query-input":{"@type":"PropertyValueSpecification","valueRequired":true,"valueName":"search_term_string"}}],"inLanguage":"fr-FR"},{"@type":"Organization","@id":"https:\/\/www.isqe.com\/#organization","name":"ISQe","url":"https:\/\/www.isqe.com\/","logo":{"@type":"ImageObject","inLanguage":"fr-FR","@id":"https:\/\/www.isqe.com\/#\/schema\/logo\/image\/","url":"https:\/\/www.isqe.com\/wp-content\/uploads\/2022\/01\/ISQe-logotipo-web.png","contentUrl":"https:\/\/www.isqe.com\/wp-content\/uploads\/2022\/01\/ISQe-logotipo-web.png","width":842,"height":596,"caption":"ISQe"},"image":{"@id":"https:\/\/www.isqe.com\/#\/schema\/logo\/image\/"},"sameAs":["https:\/\/www.facebook.com\/ISQe.Engaging.People","https:\/\/www.instagram.com\/isqe.engage.people\/","https:\/\/pt.linkedin.com\/company\/isqe","https:\/\/www.youtube.com\/channel\/UChrGaLoIk_sh__ZEoCzBjxA\/featured"]},{"@type":"Person","@id":"https:\/\/www.isqe.com\/#\/schema\/person\/fde41b5891838fe116b994e1550cfc60","name":"Filipe Seixas","image":{"@type":"ImageObject","inLanguage":"fr-FR","@id":"https:\/\/www.isqe.com\/#\/schema\/person\/image\/","url":"https:\/\/secure.gravatar.com\/avatar\/1f7ba5a4adadb45bb6df34938e0dd82634327786b61497e16d8607b065a93b1a?s=96&d=mm&r=g","contentUrl":"https:\/\/secure.gravatar.com\/avatar\/1f7ba5a4adadb45bb6df34938e0dd82634327786b61497e16d8607b065a93b1a?s=96&d=mm&r=g","caption":"Filipe Seixas"},"sameAs":["http:\/\/isqe.com"],"url":"https:\/\/www.isqe.com\/fr\/author\/filipe-seixasisqe-com\/"}]}},"_links":{"self":[{"href":"https:\/\/www.isqe.com\/fr\/wp-json\/wp\/v2\/posts\/18302","targetHints":{"allow":["GET"]}}],"collection":[{"href":"https:\/\/www.isqe.com\/fr\/wp-json\/wp\/v2\/posts"}],"about":[{"href":"https:\/\/www.isqe.com\/fr\/wp-json\/wp\/v2\/types\/post"}],"author":[{"embeddable":true,"href":"https:\/\/www.isqe.com\/fr\/wp-json\/wp\/v2\/users\/7"}],"replies":[{"embeddable":true,"href":"https:\/\/www.isqe.com\/fr\/wp-json\/wp\/v2\/comments?post=18302"}],"version-history":[{"count":8,"href":"https:\/\/www.isqe.com\/fr\/wp-json\/wp\/v2\/posts\/18302\/revisions"}],"predecessor-version":[{"id":18314,"href":"https:\/\/www.isqe.com\/fr\/wp-json\/wp\/v2\/posts\/18302\/revisions\/18314"}],"wp:featuredmedia":[{"embeddable":true,"href":"https:\/\/www.isqe.com\/fr\/wp-json\/wp\/v2\/media\/18312"}],"wp:attachment":[{"href":"https:\/\/www.isqe.com\/fr\/wp-json\/wp\/v2\/media?parent=18302"}],"wp:term":[{"taxonomy":"category","embeddable":true,"href":"https:\/\/www.isqe.com\/fr\/wp-json\/wp\/v2\/categories?post=18302"},{"taxonomy":"post_tag","embeddable":true,"href":"https:\/\/www.isqe.com\/fr\/wp-json\/wp\/v2\/tags?post=18302"}],"curies":[{"name":"wp","href":"https:\/\/api.w.org\/{rel}","templated":true}]}}