{"id":18084,"date":"2022-12-06T12:47:02","date_gmt":"2022-12-06T12:47:02","guid":{"rendered":"https:\/\/www.isqe.com\/?p=18084"},"modified":"2022-12-07T10:28:21","modified_gmt":"2022-12-07T10:28:21","slug":"gestao-humanizada-como-imperativo","status":"publish","type":"post","link":"https:\/\/www.isqe.com\/es\/gestao-humanizada-como-imperativo\/","title":{"rendered":"LA GESTI\u00d3N HUMANIZADA COMO IMPERATIVO"},"content":{"rendered":"<div class=\"wpb-content-wrapper\"><div class=\"vc_row wpb_row section vc_row-fluid  vc_custom_1641467514738\" style=' text-align:left;'><div class=\"full_section_inner clearfix\"><div class=\"wpb_column vc_column_container vc_col-sm-12\"><div class=\"vc_column-inner\"><div class=\"wpb_wrapper\"><div class='q_elements_holder two_columns eh_two_columns_66_33 responsive_mode_from_768' ><div class='q_elements_item' data-animation='no' data-item-class='q_elements_holder_custom_202458' style='background-image: url(https:\/\/www.isqe.com\/wp-content\/uploads\/2022\/12\/ISQe_Destaques_Artigos_GestaoHumanizada.png);background-position: center;background-size: cover;'><div class='q_elements_item_inner'><div class='q_elements_item_content q_elements_holder_custom_202458'><\/div><\/div><\/div><div class='q_elements_item' data-animation='no' data-item-class='q_elements_holder_custom_480806' style='background-color:#ed1b34;'><div class='q_elements_item_inner'><div class='q_elements_item_content q_elements_holder_custom_480806' style='padding:20% 10% 20% 10%'>\n\t<div class=\"wpb_text_column wpb_content_element\">\n\t\t<div class=\"wpb_wrapper\">\n\t\t\t<h2 style=\"text-align: left;\"><span style=\"color: #fff; font-size: 74px; text-transform: lowercase; letter-spacing: -4px; line-height: 0.9em;\">Gest\u00e3o humanizada<\/span><\/h2>\n\n\t\t<\/div>\n\t<\/div><div class=\"separator  small left\" style=\"margin-top: 12px;background-color: #9d0b0f;\"><\/div>\n\t<div class=\"wpb_text_column wpb_content_element\">\n\t\t<div class=\"wpb_wrapper\">\n\t\t\t<h4><strong><span style=\"color: #ffffff;\">como imperativo<\/span><\/strong><\/h4>\n\n\t\t<\/div>\n\t<\/div><div class=\"vc_empty_space\"  style=\"height: 100px\" >\n\t<span class=\"vc_empty_space_inner\">\n\t\t<span class=\"empty_space_image\"  ><\/span>\n\t<\/span>\n<\/div><\/div><\/div><\/div><\/div><\/div><\/div><\/div><\/div><\/div><div      class=\"vc_row wpb_row section vc_row-fluid\" style=' text-align:left;'><div class=\"full_section_inner clearfix\"><div class=\"wpb_column vc_column_container vc_col-sm-12\"><div class=\"vc_column-inner\"><div class=\"wpb_wrapper\"><div      class=\"vc_row wpb_row section vc_row-fluid vc_inner\" style=' text-align:left;'><div class=\"full_section_inner clearfix\"><div class=\"wpb_column vc_column_container vc_col-sm-12\"><div class=\"vc_column-inner\"><div class=\"wpb_wrapper\"><div class=\"separator  transparent\" style=\"margin-top: 30px;margin-bottom: 0px;\"><\/div>\n\t<div class=\"wpb_text_column wpb_content_element\">\n\t\t<div class=\"wpb_wrapper\">\n\t\t\t<h1 style=\"text-align: center;\">A tecnologia ser\u00e1 o parceiro-chave para proporcionar experi\u00eancias de aprendizagem enriquecedoras<\/h1>\n\n\t\t<\/div>\n\t<\/div><\/div><\/div><\/div><\/div><\/div><div class=\"separator  transparent\" style=\"margin-top: 30px;margin-bottom: 0px;\"><\/div><div      class=\"vc_row wpb_row section vc_row-fluid vc_inner\" style=' text-align:left;'><div class=\"full_section_inner clearfix\"><div class=\"wpb_column vc_column_container vc_col-sm-6\"><div class=\"vc_column-inner\"><div class=\"wpb_wrapper\">\n\t<div class=\"wpb_text_column wpb_content_element\">\n\t\t<div class=\"wpb_wrapper\">\n\t\t\t<p>O mundo corporativo tem vindo a p\u00f4r em pr\u00e1tica todo um conjunto de novos modelos de gest\u00e3o e a desenvolver uma maior capacidade de reter e angariar talento, procurando, assim, diminuir o turnover que ano ap\u00f3s ano bate novos recordes no mercado de trabalho. \u00c9 em tempos com desafios socioecon\u00f3micos t\u00e3o avassaladores que o talento existente em cada organiza\u00e7\u00e3o se afirma como o seu principal ativo. A gest\u00e3o humanizada ser\u00e1 um imperativo, atrav\u00e9s de pr\u00e1ticas e objetivos cada vez mais comuns em todas as organiza\u00e7\u00f5es: promo\u00e7\u00e3o da igualdade e respeito, de um ambiente de trabalho onde todos sintam que s\u00e3o ouvidos e valorizados e onde o bem-estar dos colaboradores seja uma prioridade.<\/p>\n<p>&nbsp;<\/p>\n<p>Os planos de benef\u00edcios ser\u00e3o uma das componentes mais importantes e, cada vez mais, as empresas v\u00e3o procurar novas formas para que os seus colaboradores se sintam recompensados e integrados num ambiente de trabalho que promova o seu bem-estar. Benef\u00edcios diferenciados e flex\u00edveis ser\u00e3o claramente uma estrat\u00e9gia a seguir pelos gestores de pessoas e que proporcionem acima de tudo aos colaboradores experi\u00eancias positivas duradouras que contribuam para uma maior conex\u00e3o entre colaborador e empregador.<\/p>\n\n\t\t<\/div>\n\t<\/div><\/div><\/div><\/div><div class=\"wpb_column vc_column_container vc_col-sm-6\"><div class=\"vc_column-inner\"><div class=\"wpb_wrapper\">\n\t<div class=\"wpb_text_column wpb_content_element\">\n\t\t<div class=\"wpb_wrapper\">\n\t\t\t<p>Um dos grandes focos da gest\u00e3o de talento ser\u00e1 tamb\u00e9m a aposta no refor\u00e7o das compet\u00eancias dos colaboradores como vantagem diferenciadora num mercado t\u00e3o competitivo. \u00c9 nesse sentido que conceitos como o lifelong learning v\u00e3o ganhar ainda mais relev\u00e2ncia e onde a tecnologia ser\u00e1 o parceiro-chave para proporcionar experi\u00eancias de aprendizagem enriquecedoras. As plataformas de forma\u00e7\u00e3o constru\u00eddas em torno do conceito de LEP (Learning eXperience Platform) ter\u00e3o uma grande procura, por forma a garantir o upskilling e o reskilling dos colaboradores, pois s\u00e3o estas plataformas que agregam conhecimento das mais variadas fontes e que o entregam ao formando de forma personalizada e flex\u00edvel, de acordo com o seu percurso de aprendizagem.<\/p>\n<p>No ISQe, para al\u00e9m de disponibilizarmos solu\u00e7\u00f5es tecnol\u00f3gicas que visam gerir todo o ciclo de vida dos colaboradores desde o seu recrutamento, onboarding, avalia\u00e7\u00e3o de desempenho ou planos de carreira, temos vindo a promover diversas LEP atrav\u00e9s da nossa parceria com a Cornerstone on Demand suportado na plataforma Cornerstone Learning e tamb\u00e9m mais recentemente com a plataforma EdCast, assim como em conte\u00fados de forma\u00e7\u00e3o e-learning de cat\u00e1logo ou desenvolvido \u00e0 medida, de acordo com as necessidades de cada cliente.<\/p>\n<p>A automatiza\u00e7\u00e3o de processos de gest\u00e3o de pessoas suportado em tecnologia e a aposta na forma\u00e7\u00e3o e bem-estar dos colaboradores ser\u00e3o linhas estrat\u00e9gicas de gest\u00e3o nas organiza\u00e7\u00f5es para o pr\u00f3ximo ano.<\/p>\n\n\t\t<\/div>\n\t<\/div><\/div><\/div><\/div><\/div><\/div><div class=\"separator  transparent\" style=\"margin-top: 2px;margin-bottom: 0px;\"><\/div><div class=\"separator  transparent\" style=\"\"><\/div><\/div><\/div><\/div><\/div><\/div><div      class=\"vc_row wpb_row section vc_row-fluid\" style=' text-align:left;'><div class=\"full_section_inner clearfix\"><div class=\"wpb_column vc_column_container vc_col-sm-12\"><div class=\"vc_column-inner\"><div class=\"wpb_wrapper\"><div class=\"separator  transparent\" style=\"\"><\/div>\n\t<div class=\"wpb_single_image wpb_content_element vc_align_left\">\n\t\t<div class=\"wpb_wrapper\">\n\t\t\t\n\t\t\t<div class=\"vc_single_image-wrapper   vc_box_border_grey\"><img loading=\"lazy\" decoding=\"async\" width=\"150\" height=\"150\" src=\"https:\/\/www.isqe.com\/wp-content\/uploads\/2022\/12\/PedroReisCoelho-150x150.png\" class=\"vc_single_image-img attachment-thumbnail\" alt=\"\" title=\"PedroReisCoelho\" srcset=\"https:\/\/www.isqe.com\/wp-content\/uploads\/2022\/12\/PedroReisCoelho-150x150.png 150w, https:\/\/www.isqe.com\/wp-content\/uploads\/2022\/12\/PedroReisCoelho-300x300.png 300w, https:\/\/www.isqe.com\/wp-content\/uploads\/2022\/12\/PedroReisCoelho-1024x1024.png 1024w, https:\/\/www.isqe.com\/wp-content\/uploads\/2022\/12\/PedroReisCoelho-768x768.png 768w, https:\/\/www.isqe.com\/wp-content\/uploads\/2022\/12\/PedroReisCoelho-12x12.png 12w, https:\/\/www.isqe.com\/wp-content\/uploads\/2022\/12\/PedroReisCoelho-570x570.png 570w, https:\/\/www.isqe.com\/wp-content\/uploads\/2022\/12\/PedroReisCoelho-500x500.png 500w, https:\/\/www.isqe.com\/wp-content\/uploads\/2022\/12\/PedroReisCoelho-1000x1000.png 1000w, https:\/\/www.isqe.com\/wp-content\/uploads\/2022\/12\/PedroReisCoelho-700x700.png 700w, https:\/\/www.isqe.com\/wp-content\/uploads\/2022\/12\/PedroReisCoelho.png 1080w\" sizes=\"auto, (max-width: 150px) 100vw, 150px\" \/><\/div>\n\t\t<\/div>\n\t<\/div>\n<div class=\"separator  transparent\" style=\"\"><\/div>\n\t<div class=\"wpb_text_column wpb_content_element\">\n\t\t<div class=\"wpb_wrapper\">\n\t\t\t<h6>Pedro Reis Coelho, Diretor Sales &amp; Marketing no ISQe<\/h6>\n<h6>Este artigo foi publicado na RH Magazine, edi\u00e7\u00e3o 143, Novembro\/Dezembro 2022.<\/h6>\n<p>&nbsp;<\/p>\n<p><a href=\"https:\/\/www.isqe.com\/wp-content\/uploads\/2022\/12\/24-RHM143-TemadeCapa-ISQe.pdf\">Download PDF<\/a><\/p>\n\n\t\t<\/div>\n\t<\/div><\/div><\/div><\/div><\/div><\/div>\n<\/div>","protected":false},"excerpt":{"rendered":"<p>Um dos grandes focos da gest\u00e3o de talento ser\u00e1 tamb\u00e9m a aposta no refor\u00e7o das compet\u00eancias dos colaboradores como vantagem diferenciadora num mercado t\u00e3o competitivo. \u00c9 nesse sentido que conceitos como o lifelong learning v\u00e3o ganhar ainda mais relev\u00e2ncia e onde a tecnologia ser\u00e1 o parceiro-chave para proporcionar experi\u00eancias de aprendizagem enriquecedoras. <\/p>","protected":false},"author":7,"featured_media":18086,"comment_status":"open","ping_status":"open","sticky":false,"template":"","format":"standard","meta":{"_monsterinsights_skip_tracking":false,"_monsterinsights_sitenote_active":false,"_monsterinsights_sitenote_note":"","_monsterinsights_sitenote_category":0,"footnotes":""},"categories":[109],"tags":[],"class_list":["post-18084","post","type-post","status-publish","format-standard","has-post-thumbnail","hentry","category-destaques-isqe"],"yoast_head":"<!-- This site is optimized with the Yoast SEO plugin v26.6 - https:\/\/yoast.com\/wordpress\/plugins\/seo\/ -->\n<title>Gest\u00e3o Humanizada como imperativo - ISQe<\/title>\n<meta name=\"description\" content=\"Tend\u00eancias 2023 RH: A tecnologia ser\u00e1 o parceiro-chave para proporcionar experi\u00eancias de aprendizagem enriquecedoras.\" \/>\n<meta name=\"robots\" content=\"index, follow, max-snippet:-1, max-image-preview:large, max-video-preview:-1\" \/>\n<link rel=\"canonical\" href=\"https:\/\/www.isqe.com\/es\/gestao-humanizada-como-imperativo\/\" \/>\n<meta property=\"og:locale\" content=\"es_ES\" \/>\n<meta property=\"og:type\" content=\"article\" \/>\n<meta property=\"og:title\" content=\"Gest\u00e3o Humanizada como imperativo - ISQe\" \/>\n<meta property=\"og:description\" content=\"Tend\u00eancias 2023 RH: A tecnologia ser\u00e1 o parceiro-chave para proporcionar experi\u00eancias de aprendizagem enriquecedoras.\" \/>\n<meta property=\"og:url\" content=\"https:\/\/www.isqe.com\/es\/gestao-humanizada-como-imperativo\/\" \/>\n<meta property=\"og:site_name\" content=\"ISQe\" \/>\n<meta property=\"article:publisher\" content=\"https:\/\/www.facebook.com\/ISQe.Engaging.People\" \/>\n<meta property=\"article:published_time\" content=\"2022-12-06T12:47:02+00:00\" \/>\n<meta property=\"article:modified_time\" content=\"2022-12-07T10:28:21+00:00\" \/>\n<meta property=\"og:image\" content=\"https:\/\/www.isqe.com\/wp-content\/uploads\/2022\/12\/ISQe_Destaques_Artigos_GestaoHumanizada.png\" \/>\n\t<meta property=\"og:image:width\" content=\"1050\" \/>\n\t<meta property=\"og:image:height\" content=\"487\" \/>\n\t<meta property=\"og:image:type\" content=\"image\/png\" \/>\n<meta name=\"author\" content=\"Filipe Seixas\" \/>\n<meta name=\"twitter:card\" content=\"summary_large_image\" \/>\n<meta name=\"twitter:label1\" content=\"Escrito por\" \/>\n\t<meta name=\"twitter:data1\" content=\"Filipe Seixas\" \/>\n\t<meta name=\"twitter:label2\" content=\"Tiempo de lectura\" \/>\n\t<meta name=\"twitter:data2\" content=\"3 minutos\" \/>\n<script type=\"application\/ld+json\" class=\"yoast-schema-graph\">{\"@context\":\"https:\/\/schema.org\",\"@graph\":[{\"@type\":\"Article\",\"@id\":\"https:\/\/www.isqe.com\/gestao-humanizada-como-imperativo\/#article\",\"isPartOf\":{\"@id\":\"https:\/\/www.isqe.com\/gestao-humanizada-como-imperativo\/\"},\"author\":{\"name\":\"Filipe Seixas\",\"@id\":\"https:\/\/www.isqe.com\/#\/schema\/person\/fde41b5891838fe116b994e1550cfc60\"},\"headline\":\"Gest\u00e3o Humanizada como imperativo\",\"datePublished\":\"2022-12-06T12:47:02+00:00\",\"dateModified\":\"2022-12-07T10:28:21+00:00\",\"mainEntityOfPage\":{\"@id\":\"https:\/\/www.isqe.com\/gestao-humanizada-como-imperativo\/\"},\"wordCount\":803,\"commentCount\":77,\"publisher\":{\"@id\":\"https:\/\/www.isqe.com\/#organization\"},\"image\":{\"@id\":\"https:\/\/www.isqe.com\/gestao-humanizada-como-imperativo\/#primaryimage\"},\"thumbnailUrl\":\"https:\/\/www.isqe.com\/wp-content\/uploads\/2022\/12\/ISQe_Destaques_Artigos_GestaoHumanizada.png\",\"articleSection\":[\"Destaques ISQe\"],\"inLanguage\":\"es\",\"potentialAction\":[{\"@type\":\"CommentAction\",\"name\":\"Comment\",\"target\":[\"https:\/\/www.isqe.com\/gestao-humanizada-como-imperativo\/#respond\"]}]},{\"@type\":\"WebPage\",\"@id\":\"https:\/\/www.isqe.com\/gestao-humanizada-como-imperativo\/\",\"url\":\"https:\/\/www.isqe.com\/gestao-humanizada-como-imperativo\/\",\"name\":\"Gest\u00e3o Humanizada como imperativo - ISQe\",\"isPartOf\":{\"@id\":\"https:\/\/www.isqe.com\/#website\"},\"primaryImageOfPage\":{\"@id\":\"https:\/\/www.isqe.com\/gestao-humanizada-como-imperativo\/#primaryimage\"},\"image\":{\"@id\":\"https:\/\/www.isqe.com\/gestao-humanizada-como-imperativo\/#primaryimage\"},\"thumbnailUrl\":\"https:\/\/www.isqe.com\/wp-content\/uploads\/2022\/12\/ISQe_Destaques_Artigos_GestaoHumanizada.png\",\"datePublished\":\"2022-12-06T12:47:02+00:00\",\"dateModified\":\"2022-12-07T10:28:21+00:00\",\"description\":\"Tend\u00eancias 2023 RH: A tecnologia ser\u00e1 o parceiro-chave para proporcionar experi\u00eancias de aprendizagem enriquecedoras.\",\"breadcrumb\":{\"@id\":\"https:\/\/www.isqe.com\/gestao-humanizada-como-imperativo\/#breadcrumb\"},\"inLanguage\":\"es\",\"potentialAction\":[{\"@type\":\"ReadAction\",\"target\":[\"https:\/\/www.isqe.com\/gestao-humanizada-como-imperativo\/\"]}]},{\"@type\":\"ImageObject\",\"inLanguage\":\"es\",\"@id\":\"https:\/\/www.isqe.com\/gestao-humanizada-como-imperativo\/#primaryimage\",\"url\":\"https:\/\/www.isqe.com\/wp-content\/uploads\/2022\/12\/ISQe_Destaques_Artigos_GestaoHumanizada.png\",\"contentUrl\":\"https:\/\/www.isqe.com\/wp-content\/uploads\/2022\/12\/ISQe_Destaques_Artigos_GestaoHumanizada.png\",\"width\":1050,\"height\":487},{\"@type\":\"BreadcrumbList\",\"@id\":\"https:\/\/www.isqe.com\/gestao-humanizada-como-imperativo\/#breadcrumb\",\"itemListElement\":[{\"@type\":\"ListItem\",\"position\":1,\"name\":\"In\u00edcio\",\"item\":\"https:\/\/www.isqe.com\/\"},{\"@type\":\"ListItem\",\"position\":2,\"name\":\"Gest\u00e3o Humanizada como imperativo\"}]},{\"@type\":\"WebSite\",\"@id\":\"https:\/\/www.isqe.com\/#website\",\"url\":\"https:\/\/www.isqe.com\/\",\"name\":\"ISQe\",\"description\":\"Engaging People\",\"publisher\":{\"@id\":\"https:\/\/www.isqe.com\/#organization\"},\"potentialAction\":[{\"@type\":\"SearchAction\",\"target\":{\"@type\":\"EntryPoint\",\"urlTemplate\":\"https:\/\/www.isqe.com\/?s={search_term_string}\"},\"query-input\":{\"@type\":\"PropertyValueSpecification\",\"valueRequired\":true,\"valueName\":\"search_term_string\"}}],\"inLanguage\":\"es\"},{\"@type\":\"Organization\",\"@id\":\"https:\/\/www.isqe.com\/#organization\",\"name\":\"ISQe\",\"url\":\"https:\/\/www.isqe.com\/\",\"logo\":{\"@type\":\"ImageObject\",\"inLanguage\":\"es\",\"@id\":\"https:\/\/www.isqe.com\/#\/schema\/logo\/image\/\",\"url\":\"https:\/\/www.isqe.com\/wp-content\/uploads\/2022\/01\/ISQe-logotipo-web.png\",\"contentUrl\":\"https:\/\/www.isqe.com\/wp-content\/uploads\/2022\/01\/ISQe-logotipo-web.png\",\"width\":842,\"height\":596,\"caption\":\"ISQe\"},\"image\":{\"@id\":\"https:\/\/www.isqe.com\/#\/schema\/logo\/image\/\"},\"sameAs\":[\"https:\/\/www.facebook.com\/ISQe.Engaging.People\",\"https:\/\/www.instagram.com\/isqe.engage.people\/\",\"https:\/\/pt.linkedin.com\/company\/isqe\",\"https:\/\/www.youtube.com\/channel\/UChrGaLoIk_sh__ZEoCzBjxA\/featured\"]},{\"@type\":\"Person\",\"@id\":\"https:\/\/www.isqe.com\/#\/schema\/person\/fde41b5891838fe116b994e1550cfc60\",\"name\":\"Filipe Seixas\",\"image\":{\"@type\":\"ImageObject\",\"inLanguage\":\"es\",\"@id\":\"https:\/\/www.isqe.com\/#\/schema\/person\/image\/\",\"url\":\"https:\/\/secure.gravatar.com\/avatar\/1f7ba5a4adadb45bb6df34938e0dd82634327786b61497e16d8607b065a93b1a?s=96&d=mm&r=g\",\"contentUrl\":\"https:\/\/secure.gravatar.com\/avatar\/1f7ba5a4adadb45bb6df34938e0dd82634327786b61497e16d8607b065a93b1a?s=96&d=mm&r=g\",\"caption\":\"Filipe Seixas\"},\"sameAs\":[\"http:\/\/isqe.com\"],\"url\":\"https:\/\/www.isqe.com\/es\/author\/filipe-seixasisqe-com\/\"}]}<\/script>\n<!-- \/ Yoast SEO plugin. -->","yoast_head_json":{"title":"Gest\u00e3o Humanizada como imperativo - ISQe","description":"Tend\u00eancias 2023 RH: A tecnologia ser\u00e1 o parceiro-chave para proporcionar experi\u00eancias de aprendizagem enriquecedoras.","robots":{"index":"index","follow":"follow","max-snippet":"max-snippet:-1","max-image-preview":"max-image-preview:large","max-video-preview":"max-video-preview:-1"},"canonical":"https:\/\/www.isqe.com\/es\/gestao-humanizada-como-imperativo\/","og_locale":"es_ES","og_type":"article","og_title":"Gest\u00e3o Humanizada como imperativo - ISQe","og_description":"Tend\u00eancias 2023 RH: A tecnologia ser\u00e1 o parceiro-chave para proporcionar experi\u00eancias de aprendizagem enriquecedoras.","og_url":"https:\/\/www.isqe.com\/es\/gestao-humanizada-como-imperativo\/","og_site_name":"ISQe","article_publisher":"https:\/\/www.facebook.com\/ISQe.Engaging.People","article_published_time":"2022-12-06T12:47:02+00:00","article_modified_time":"2022-12-07T10:28:21+00:00","og_image":[{"width":1050,"height":487,"url":"https:\/\/www.isqe.com\/wp-content\/uploads\/2022\/12\/ISQe_Destaques_Artigos_GestaoHumanizada.png","type":"image\/png"}],"author":"Filipe Seixas","twitter_card":"summary_large_image","twitter_misc":{"Escrito por":"Filipe Seixas","Tiempo de lectura":"3 minutos"},"schema":{"@context":"https:\/\/schema.org","@graph":[{"@type":"Article","@id":"https:\/\/www.isqe.com\/gestao-humanizada-como-imperativo\/#article","isPartOf":{"@id":"https:\/\/www.isqe.com\/gestao-humanizada-como-imperativo\/"},"author":{"name":"Filipe Seixas","@id":"https:\/\/www.isqe.com\/#\/schema\/person\/fde41b5891838fe116b994e1550cfc60"},"headline":"Gest\u00e3o Humanizada como imperativo","datePublished":"2022-12-06T12:47:02+00:00","dateModified":"2022-12-07T10:28:21+00:00","mainEntityOfPage":{"@id":"https:\/\/www.isqe.com\/gestao-humanizada-como-imperativo\/"},"wordCount":803,"commentCount":77,"publisher":{"@id":"https:\/\/www.isqe.com\/#organization"},"image":{"@id":"https:\/\/www.isqe.com\/gestao-humanizada-como-imperativo\/#primaryimage"},"thumbnailUrl":"https:\/\/www.isqe.com\/wp-content\/uploads\/2022\/12\/ISQe_Destaques_Artigos_GestaoHumanizada.png","articleSection":["Destaques ISQe"],"inLanguage":"es","potentialAction":[{"@type":"CommentAction","name":"Comment","target":["https:\/\/www.isqe.com\/gestao-humanizada-como-imperativo\/#respond"]}]},{"@type":"WebPage","@id":"https:\/\/www.isqe.com\/gestao-humanizada-como-imperativo\/","url":"https:\/\/www.isqe.com\/gestao-humanizada-como-imperativo\/","name":"Gest\u00e3o Humanizada como imperativo - ISQe","isPartOf":{"@id":"https:\/\/www.isqe.com\/#website"},"primaryImageOfPage":{"@id":"https:\/\/www.isqe.com\/gestao-humanizada-como-imperativo\/#primaryimage"},"image":{"@id":"https:\/\/www.isqe.com\/gestao-humanizada-como-imperativo\/#primaryimage"},"thumbnailUrl":"https:\/\/www.isqe.com\/wp-content\/uploads\/2022\/12\/ISQe_Destaques_Artigos_GestaoHumanizada.png","datePublished":"2022-12-06T12:47:02+00:00","dateModified":"2022-12-07T10:28:21+00:00","description":"Tend\u00eancias 2023 RH: A tecnologia ser\u00e1 o parceiro-chave para proporcionar experi\u00eancias de aprendizagem enriquecedoras.","breadcrumb":{"@id":"https:\/\/www.isqe.com\/gestao-humanizada-como-imperativo\/#breadcrumb"},"inLanguage":"es","potentialAction":[{"@type":"ReadAction","target":["https:\/\/www.isqe.com\/gestao-humanizada-como-imperativo\/"]}]},{"@type":"ImageObject","inLanguage":"es","@id":"https:\/\/www.isqe.com\/gestao-humanizada-como-imperativo\/#primaryimage","url":"https:\/\/www.isqe.com\/wp-content\/uploads\/2022\/12\/ISQe_Destaques_Artigos_GestaoHumanizada.png","contentUrl":"https:\/\/www.isqe.com\/wp-content\/uploads\/2022\/12\/ISQe_Destaques_Artigos_GestaoHumanizada.png","width":1050,"height":487},{"@type":"BreadcrumbList","@id":"https:\/\/www.isqe.com\/gestao-humanizada-como-imperativo\/#breadcrumb","itemListElement":[{"@type":"ListItem","position":1,"name":"In\u00edcio","item":"https:\/\/www.isqe.com\/"},{"@type":"ListItem","position":2,"name":"Gest\u00e3o Humanizada como imperativo"}]},{"@type":"WebSite","@id":"https:\/\/www.isqe.com\/#website","url":"https:\/\/www.isqe.com\/","name":"ISQe","description":"Engaging People","publisher":{"@id":"https:\/\/www.isqe.com\/#organization"},"potentialAction":[{"@type":"SearchAction","target":{"@type":"EntryPoint","urlTemplate":"https:\/\/www.isqe.com\/?s={search_term_string}"},"query-input":{"@type":"PropertyValueSpecification","valueRequired":true,"valueName":"search_term_string"}}],"inLanguage":"es"},{"@type":"Organization","@id":"https:\/\/www.isqe.com\/#organization","name":"ISQe","url":"https:\/\/www.isqe.com\/","logo":{"@type":"ImageObject","inLanguage":"es","@id":"https:\/\/www.isqe.com\/#\/schema\/logo\/image\/","url":"https:\/\/www.isqe.com\/wp-content\/uploads\/2022\/01\/ISQe-logotipo-web.png","contentUrl":"https:\/\/www.isqe.com\/wp-content\/uploads\/2022\/01\/ISQe-logotipo-web.png","width":842,"height":596,"caption":"ISQe"},"image":{"@id":"https:\/\/www.isqe.com\/#\/schema\/logo\/image\/"},"sameAs":["https:\/\/www.facebook.com\/ISQe.Engaging.People","https:\/\/www.instagram.com\/isqe.engage.people\/","https:\/\/pt.linkedin.com\/company\/isqe","https:\/\/www.youtube.com\/channel\/UChrGaLoIk_sh__ZEoCzBjxA\/featured"]},{"@type":"Person","@id":"https:\/\/www.isqe.com\/#\/schema\/person\/fde41b5891838fe116b994e1550cfc60","name":"Filipe Seixas","image":{"@type":"ImageObject","inLanguage":"es","@id":"https:\/\/www.isqe.com\/#\/schema\/person\/image\/","url":"https:\/\/secure.gravatar.com\/avatar\/1f7ba5a4adadb45bb6df34938e0dd82634327786b61497e16d8607b065a93b1a?s=96&d=mm&r=g","contentUrl":"https:\/\/secure.gravatar.com\/avatar\/1f7ba5a4adadb45bb6df34938e0dd82634327786b61497e16d8607b065a93b1a?s=96&d=mm&r=g","caption":"Filipe Seixas"},"sameAs":["http:\/\/isqe.com"],"url":"https:\/\/www.isqe.com\/es\/author\/filipe-seixasisqe-com\/"}]}},"_links":{"self":[{"href":"https:\/\/www.isqe.com\/es\/wp-json\/wp\/v2\/posts\/18084","targetHints":{"allow":["GET"]}}],"collection":[{"href":"https:\/\/www.isqe.com\/es\/wp-json\/wp\/v2\/posts"}],"about":[{"href":"https:\/\/www.isqe.com\/es\/wp-json\/wp\/v2\/types\/post"}],"author":[{"embeddable":true,"href":"https:\/\/www.isqe.com\/es\/wp-json\/wp\/v2\/users\/7"}],"replies":[{"embeddable":true,"href":"https:\/\/www.isqe.com\/es\/wp-json\/wp\/v2\/comments?post=18084"}],"version-history":[{"count":3,"href":"https:\/\/www.isqe.com\/es\/wp-json\/wp\/v2\/posts\/18084\/revisions"}],"predecessor-version":[{"id":18091,"href":"https:\/\/www.isqe.com\/es\/wp-json\/wp\/v2\/posts\/18084\/revisions\/18091"}],"wp:featuredmedia":[{"embeddable":true,"href":"https:\/\/www.isqe.com\/es\/wp-json\/wp\/v2\/media\/18086"}],"wp:attachment":[{"href":"https:\/\/www.isqe.com\/es\/wp-json\/wp\/v2\/media?parent=18084"}],"wp:term":[{"taxonomy":"category","embeddable":true,"href":"https:\/\/www.isqe.com\/es\/wp-json\/wp\/v2\/categories?post=18084"},{"taxonomy":"post_tag","embeddable":true,"href":"https:\/\/www.isqe.com\/es\/wp-json\/wp\/v2\/tags?post=18084"}],"curies":[{"name":"wp","href":"https:\/\/api.w.org\/{rel}","templated":true}]}}