{"id":17261,"date":"2021-06-23T09:00:45","date_gmt":"2021-06-23T09:00:45","guid":{"rendered":"https:\/\/www.isqe.com\/?p=17261"},"modified":"2022-08-10T08:31:20","modified_gmt":"2022-08-10T08:31:20","slug":"a-importancia-crescente-do-social-learning-no-contexto-atual","status":"publish","type":"post","link":"https:\/\/www.isqe.com\/es\/a-importancia-crescente-do-social-learning-no-contexto-atual\/","title":{"rendered":"La creciente importancia del social learning en el contexto actual"},"content":{"rendered":"<div class=\"wpb-content-wrapper\"><div class=\"vc_row wpb_row section vc_row-fluid  vc_custom_1641469655035\" style=' text-align:left;'><div class=\"full_section_inner clearfix\"><div class=\"wpb_column vc_column_container vc_col-sm-12\"><div class=\"vc_column-inner\"><div class=\"wpb_wrapper\"><div class='q_elements_holder two_columns eh_two_columns_66_33 responsive_mode_from_768' ><div class='q_elements_item' data-animation='no' data-item-class='q_elements_holder_custom_936937' style='background-image: url(https:\/\/www.isqe.com\/wp-content\/uploads\/2022\/01\/a-importancia-crescente-do-social-learning-no-contexto-atua-isqe.jpg);background-position: center;background-size: cover;'><div class='q_elements_item_inner'><div class='q_elements_item_content q_elements_holder_custom_936937'><\/div><\/div><\/div><div class='q_elements_item' data-animation='no' data-item-class='q_elements_holder_custom_881916' style='background-color:#ed1b34;'><div class='q_elements_item_inner'><div class='q_elements_item_content q_elements_holder_custom_881916' style='padding:20% 10% 20% 10%'>\n\t<div class=\"wpb_text_column wpb_content_element\">\n\t\t<div class=\"wpb_wrapper\">\n\t\t\t<h2 style=\"text-align: left;\"><span style=\"color: #fff; font-size: 52px; text-transform: lowercase; letter-spacing: -4px; line-height: 0.9em;\">social learning<\/span><\/h2>\n\n\t\t<\/div>\n\t<\/div><div class=\"separator  small left\" style=\"margin-top: 12px;background-color: #9d0b0f;\"><\/div><div class=\"vc_empty_space\"  style=\"height: 100px\" >\n\t<span class=\"vc_empty_space_inner\">\n\t\t<span class=\"empty_space_image\"  ><\/span>\n\t<\/span>\n<\/div><\/div><\/div><\/div><\/div><\/div><\/div><\/div><\/div><\/div><div      class=\"vc_row wpb_row section vc_row-fluid\" style=' text-align:left;'><div class=\"full_section_inner clearfix\"><div class=\"wpb_column vc_column_container vc_col-sm-12\"><div class=\"vc_column-inner\"><div class=\"wpb_wrapper\"><div class=\"separator  transparent\" style=\"margin-top: 30px;margin-bottom: 0px;\"><\/div><div      class=\"vc_row wpb_row section vc_row-fluid vc_inner\" style=' text-align:left;'><div class=\"full_section_inner clearfix\"><div class=\"wpb_column vc_column_container vc_col-sm-6\"><div class=\"vc_column-inner\"><div class=\"wpb_wrapper\">\n\t<div class=\"wpb_text_column wpb_content_element\">\n\t\t<div class=\"wpb_wrapper\">\n\t\t\t<p>Aprendizagem social traduz-se, em termos simples, em aprender com e atrav\u00e9s dos outros. Somos seres sociais e as intera\u00e7\u00f5es com outros s\u00e3o essenciais ao nosso desenvolvimento, em todas as fases da nossa vida, estamos, por isso, perante a forma mais natural de aprendizagem.<\/p>\n<p>&nbsp;<\/p>\n<p>Albert Bandura surge com a teoria da aprendizagem social demonstrando a import\u00e2ncia e a capacidade que temos de reproduzir um comportamento observado. Por outro lado, de acordo com o modelo 70:20:10, a aprendizagem em contexto de trabalho ocorre: 70% de tudo o que aprendemos vem da observa\u00e7\u00e3o dos outros e das experi\u00eancias, 20% da intera\u00e7\u00e3o com os outros e os 10% restantes por via de forma\u00e7\u00e3o estruturada e formal. Estes s\u00e3o os n\u00fameros que materializam a import\u00e2ncia da teoria com a pertin\u00eancia da metodologia no seio das organiza\u00e7\u00f5es, em ambiente corporativo.<\/p>\n<p>&nbsp;<\/p>\n<p>Cada vez mais, as organiza\u00e7\u00f5es reconhecem a import\u00e2ncia da aprendizagem social e encaram-na como forma de oferecer experi\u00eancias significativas aos seus colaboradores, clientes e parceiros, pelos v\u00e1rios benef\u00edcios que esta metodologia nos traz.<\/p>\n<p>&nbsp;<\/p>\n<p>Social learning em ambientes\/comunidades virtuais de aprendizagem<\/p>\n<p>&nbsp;<\/p>\n<ul>\n<li>A aprendizagem social online cria um ambiente colaborativo e inclusivo que incentiva a partilha. O aumento da partilha gera discuss\u00f5es e geralmente gera ideias, solu\u00e7\u00f5es e\/ou cria\u00e7\u00f5es que de outra forma n\u00e3o alcan\u00e7ar\u00edamos. O Social learning promove a colabora\u00e7\u00e3o entre os colaboradores;<\/li>\n<\/ul>\n<p>&nbsp;<\/p>\n<ul>\n<li>ajuda alcan\u00e7ar uma comunica\u00e7\u00e3o eficaz;<\/li>\n<\/ul>\n<p>&nbsp;<\/p>\n<ul>\n<li>melhora os n\u00edveis de envolvimento entre colaboradores;<\/li>\n<\/ul>\n<p>&nbsp;<\/p>\n<ul>\n<li>alavanca o sentimento de perten\u00e7a a uma comunidade\/entidade.<\/li>\n<\/ul>\n<p>&nbsp;<\/p>\n<p>Usar a aprendizagem social facilita claramente a aprendizagem pela intera\u00e7\u00e3o com os outros e permite maior aplica\u00e7\u00e3o da aprendizagem em contexto de trabalho.<\/p>\n<p>&nbsp;<\/p>\n<p>Com o aumento da incorpora\u00e7\u00e3o do digital learning nas estrat\u00e9gias de L&amp;D, um dos desafios com que as organiza\u00e7\u00f5es se t\u00eam deparado \u00e9 como manter o engagement dos participantes na forma\u00e7\u00e3o. A aprendizagem social \u00e9 uma forma fundamental de o conseguir.<\/p>\n<p>&nbsp;<\/p>\n<p>Embora ainda esteja presente a forte exig\u00eancia de ambientes de aprendizagem formal para atender a resultados de aprendizagem espec\u00edficos, a necessidade de as organiza\u00e7\u00f5es alavancarem plataformas\/ ferramentas (e suas funcionalidades) que possibilitem a aprendizagem social e informal, onde os colaboradores se conectam, partilham, colaboram e trocam ideias para resolver problemas est\u00e1 a ganhar territ\u00f3rio. Prova disso, s\u00e3o os pedidos que vamos recebendo e necessidades que detetamos nos projetos de Digital Learning Experience no ISQe. E sem d\u00favida que o social learning vem dar resposta a muitos desafios.<\/p>\n\n\t\t<\/div>\n\t<\/div><\/div><\/div><\/div><div class=\"wpb_column vc_column_container vc_col-sm-6\"><div class=\"vc_column-inner\"><div class=\"wpb_wrapper\">\n\t<div class=\"wpb_text_column wpb_content_element\">\n\t\t<div class=\"wpb_wrapper\">\n\t\t\t<p>De acordo com os dados do \u201cLinkedIn\u2019s Workplace Learning Report\u201d de 2020, 36% dos profissionais de L&amp;D referem que o social learning continuar\u00e1 a ter impacto na aprendizagem online, nos pr\u00f3ximos 5 anos.<\/p>\n<p>&nbsp;<\/p>\n<p>Ent\u00e3o como tirar o m\u00e1ximo partido da aprendizagem social nos programas de L&amp;D?<br \/>\nA aprendizagem social mostra-nos que cada intera\u00e7\u00e3o \u00e9 uma oportunidade potencial de aprendizagem. E por isso, as intera\u00e7\u00f5es devem ser capitalizadas. Aqui est\u00e3o algumas formas de como incorporar a aprendizagem social na estrat\u00e9gia de L&amp;D, especialmente no contexto atual, predominantemente virtual:<\/p>\n<ul>\n<li style=\"list-style-type: none;\">\n<ul>\n<li>Criar um espa\u00e7o online corporativo e convidar \u00e0 participa\u00e7\u00e3o de todos,<\/li>\n<\/ul>\n<\/li>\n<\/ul>\n<p>&nbsp;<\/p>\n<ul>\n<li style=\"list-style-type: none;\">\n<ul>\n<li>Uso de redes sociais e participa\u00e7\u00e3o em grupos de partilha;<\/li>\n<\/ul>\n<\/li>\n<\/ul>\n<p>&nbsp;<\/p>\n<ul>\n<li style=\"list-style-type: none;\">\n<ul>\n<li>Encorajar a intera\u00e7\u00e3o e colabora\u00e7\u00e3o atrav\u00e9s de videoconfer\u00eancia e recurso a diferentes ferramentas internas e\/ou externas para dar reposta a desafios;<\/li>\n<\/ul>\n<\/li>\n<\/ul>\n<p>&nbsp;<\/p>\n<ul>\n<li style=\"list-style-type: none;\">\n<ul>\n<li>Tirar partido dos especialistas que existem dentro das organiza\u00e7\u00f5es e criar iniciativas, como webinares, que promovam a partilha de conhecimento e discuss\u00e3o de um assunto com acesso livre \u00e0s mesmas;<\/li>\n<\/ul>\n<\/li>\n<\/ul>\n<p>&nbsp;<\/p>\n<ul>\n<li style=\"list-style-type: none;\">\n<ul>\n<li>Fazer uso das funcionalidades de social learning nas plataformas (LMS\/LXP), atrav\u00e9s da partilha de not\u00edcias, notifica\u00e7\u00f5es, ferramentas de perguntas e respostas, grupos de discuss\u00e3o, f\u00f3runs e live chat;<\/li>\n<\/ul>\n<\/li>\n<\/ul>\n<p>&nbsp;<\/p>\n<ul>\n<li style=\"list-style-type: none;\">\n<ul>\n<li>Incentivar \u00e0 curadoria, recomenda\u00e7\u00e3o de conte\u00fados e a comunidades de pr\u00e1tica s\u00e3o outras formas de potenciar intera\u00e7\u00f5es sociais;<\/li>\n<\/ul>\n<\/li>\n<\/ul>\n<p>&nbsp;<\/p>\n<ul>\n<li style=\"list-style-type: none;\">\n<ul>\n<li>Promover a competi\u00e7\u00e3o trata-se de uma intera\u00e7\u00e3o social que envolve e motiva. E quando nos divertimos, aprendemos melhor. Adicionar elementos de gamification na forma\u00e7\u00e3o, utilizando leaderboards com sistemas de pontos, recompensas delimitadas no tempo, juntamente com outros elementos de jogo, como badges, temporizadores e power-ups, garantir\u00e1 uma concorr\u00eancia saud\u00e1vel e impulsiona a aprendizagem;<\/li>\n<\/ul>\n<\/li>\n<\/ul>\n<p>&nbsp;<\/p>\n<ul>\n<li style=\"list-style-type: none;\">\n<ul>\n<li>Construir uma funcionalidade de Q&amp;A na plataforma de aprendizagem com o objetivo de permitir que os utilizadores publiquem perguntas que ser\u00e3o respondidas por especialistas (Subject Matter Experts), o departamento de L&amp;D ou partes interessadas da organiza\u00e7\u00e3o. Adicionalmente, recolher as perguntas mais frequentes pode servir de base para construir conte\u00fados de microlearning, como um PDF interativo ou infogr\u00e1fico. Esta \u00e9 uma excelente forma de envolver os colaboradores na constru\u00e7\u00e3o dos elementos que comp\u00f5em a sua forma\u00e7\u00e3o.<\/li>\n<\/ul>\n<\/li>\n<\/ul>\n<p>&nbsp;<\/p>\n<ul>\n<li style=\"list-style-type: none;\">\n<ul>\n<li>Existem outras formas de criar intera\u00e7\u00f5es sociais nos programas de L&amp;D e tirar partido da aprendizagem social, mas o pressuposto de base passa por selecionar iniciativas que tenham um objetivo comum e que facilitem a participa\u00e7\u00e3o do p\u00fablico-alvo. E claro, a tecnologia deve ser um facilitador by default.<\/li>\n<\/ul>\n<\/li>\n<\/ul>\n<p>&nbsp;<\/p>\n<ul>\n<li style=\"list-style-type: none;\">\n<ul>\n<li>Em s\u00edntese, o social learning deve ser encarado como uma metodologia crucial na estrat\u00e9gia e cultura de aprendizagem das organiza\u00e7\u00f5es pois promove uma efetiva melhoria na aprendizagem, colabora\u00e7\u00e3o e satisfa\u00e7\u00e3o dos colaboradores. E naturalmente, que isto nos leva para melhores resultados organizacionais.<\/li>\n<\/ul>\n<\/li>\n<\/ul>\n\n\t\t<\/div>\n\t<\/div><div class=\"separator  transparent\" style=\"\"><\/div><div class=\"separator  transparent\" style=\"\"><\/div><\/div><\/div><\/div><\/div><\/div><div class=\"separator  transparent\" style=\"margin-top: 2px;margin-bottom: 0px;\"><\/div><\/div><\/div><\/div><\/div><\/div>\n<\/div>","protected":false},"excerpt":{"rendered":"<p>The term minimalism is also used to describe a trend in design and architecture where in the subject is reduced to its necessary elements. Minimalist design has been highly influenced by Japanese traditional design and architecture. In addition, the work of De Stijl artists is a major source of reference for this kind of work.<\/p>","protected":false},"author":7,"featured_media":16024,"comment_status":"open","ping_status":"open","sticky":false,"template":"","format":"standard","meta":{"_monsterinsights_skip_tracking":false,"_monsterinsights_sitenote_active":false,"_monsterinsights_sitenote_note":"","_monsterinsights_sitenote_category":0,"footnotes":""},"categories":[109],"tags":[],"class_list":["post-17261","post","type-post","status-publish","format-standard","has-post-thumbnail","hentry","category-destaques-isqe"],"yoast_head":"<!-- This site is optimized with the Yoast SEO plugin v26.6 - https:\/\/yoast.com\/wordpress\/plugins\/seo\/ -->\n<title>A import\u00e2ncia crescente do social learning no contexto atual - ISQe<\/title>\n<meta name=\"description\" content=\"Em s\u00edntese, o social learning deve ser encarado como uma metodologia crucial na estrat\u00e9gia e cultura de aprendizagem das organiza\u00e7\u00f5es pois promove uma efetiva melhoria na aprendizagem, colabora\u00e7\u00e3o e satisfa\u00e7\u00e3o dos colaboradores. E naturalmente, que isto nos leva para melhores resultados organizacionais.\" \/>\n<meta name=\"robots\" content=\"index, follow, max-snippet:-1, max-image-preview:large, max-video-preview:-1\" \/>\n<link rel=\"canonical\" href=\"https:\/\/www.isqe.com\/es\/a-importancia-crescente-do-social-learning-no-contexto-atual\/\" \/>\n<meta property=\"og:locale\" content=\"es_ES\" \/>\n<meta property=\"og:type\" content=\"article\" \/>\n<meta property=\"og:title\" content=\"A import\u00e2ncia crescente do social learning no contexto atual - ISQe\" \/>\n<meta property=\"og:description\" content=\"Em s\u00edntese, o social learning deve ser encarado como uma metodologia crucial na estrat\u00e9gia e cultura de aprendizagem das organiza\u00e7\u00f5es pois promove uma efetiva melhoria na aprendizagem, colabora\u00e7\u00e3o e satisfa\u00e7\u00e3o dos colaboradores. E naturalmente, que isto nos leva para melhores resultados organizacionais.\" \/>\n<meta property=\"og:url\" content=\"https:\/\/www.isqe.com\/es\/a-importancia-crescente-do-social-learning-no-contexto-atual\/\" \/>\n<meta property=\"og:site_name\" content=\"ISQe\" \/>\n<meta property=\"article:publisher\" content=\"https:\/\/www.facebook.com\/ISQe.Engaging.People\" \/>\n<meta property=\"article:published_time\" content=\"2021-06-23T09:00:45+00:00\" \/>\n<meta property=\"article:modified_time\" content=\"2022-08-10T08:31:20+00:00\" \/>\n<meta property=\"og:image\" content=\"https:\/\/www.isqe.com\/wp-content\/uploads\/2022\/01\/a-importancia-crescente-do-social-learning-no-contexto-atua-isqe.jpg\" \/>\n\t<meta property=\"og:image:width\" content=\"1289\" \/>\n\t<meta property=\"og:image:height\" content=\"468\" \/>\n\t<meta property=\"og:image:type\" content=\"image\/jpeg\" \/>\n<meta name=\"author\" content=\"Filipe Seixas\" \/>\n<meta name=\"twitter:card\" content=\"summary_large_image\" \/>\n<meta name=\"twitter:label1\" content=\"Escrito por\" \/>\n\t<meta name=\"twitter:data1\" content=\"Filipe Seixas\" \/>\n\t<meta name=\"twitter:label2\" content=\"Tiempo de lectura\" \/>\n\t<meta name=\"twitter:data2\" content=\"5 minutos\" \/>\n<script type=\"application\/ld+json\" class=\"yoast-schema-graph\">{\"@context\":\"https:\/\/schema.org\",\"@graph\":[{\"@type\":\"Article\",\"@id\":\"https:\/\/www.isqe.com\/a-importancia-crescente-do-social-learning-no-contexto-atual\/#article\",\"isPartOf\":{\"@id\":\"https:\/\/www.isqe.com\/a-importancia-crescente-do-social-learning-no-contexto-atual\/\"},\"author\":{\"name\":\"Filipe Seixas\",\"@id\":\"https:\/\/www.isqe.com\/#\/schema\/person\/fde41b5891838fe116b994e1550cfc60\"},\"headline\":\"A import\u00e2ncia crescente do social learning no contexto atual\",\"datePublished\":\"2021-06-23T09:00:45+00:00\",\"dateModified\":\"2022-08-10T08:31:20+00:00\",\"mainEntityOfPage\":{\"@id\":\"https:\/\/www.isqe.com\/a-importancia-crescente-do-social-learning-no-contexto-atual\/\"},\"wordCount\":1145,\"commentCount\":109,\"publisher\":{\"@id\":\"https:\/\/www.isqe.com\/#organization\"},\"image\":{\"@id\":\"https:\/\/www.isqe.com\/a-importancia-crescente-do-social-learning-no-contexto-atual\/#primaryimage\"},\"thumbnailUrl\":\"https:\/\/www.isqe.com\/wp-content\/uploads\/2022\/01\/a-importancia-crescente-do-social-learning-no-contexto-atua-isqe.jpg\",\"articleSection\":[\"Destaques ISQe\"],\"inLanguage\":\"es\",\"potentialAction\":[{\"@type\":\"CommentAction\",\"name\":\"Comment\",\"target\":[\"https:\/\/www.isqe.com\/a-importancia-crescente-do-social-learning-no-contexto-atual\/#respond\"]}]},{\"@type\":\"WebPage\",\"@id\":\"https:\/\/www.isqe.com\/a-importancia-crescente-do-social-learning-no-contexto-atual\/\",\"url\":\"https:\/\/www.isqe.com\/a-importancia-crescente-do-social-learning-no-contexto-atual\/\",\"name\":\"A import\u00e2ncia crescente do social learning no contexto atual - ISQe\",\"isPartOf\":{\"@id\":\"https:\/\/www.isqe.com\/#website\"},\"primaryImageOfPage\":{\"@id\":\"https:\/\/www.isqe.com\/a-importancia-crescente-do-social-learning-no-contexto-atual\/#primaryimage\"},\"image\":{\"@id\":\"https:\/\/www.isqe.com\/a-importancia-crescente-do-social-learning-no-contexto-atual\/#primaryimage\"},\"thumbnailUrl\":\"https:\/\/www.isqe.com\/wp-content\/uploads\/2022\/01\/a-importancia-crescente-do-social-learning-no-contexto-atua-isqe.jpg\",\"datePublished\":\"2021-06-23T09:00:45+00:00\",\"dateModified\":\"2022-08-10T08:31:20+00:00\",\"description\":\"Em s\u00edntese, o social learning deve ser encarado como uma metodologia crucial na estrat\u00e9gia e cultura de aprendizagem das organiza\u00e7\u00f5es pois promove uma efetiva melhoria na aprendizagem, colabora\u00e7\u00e3o e satisfa\u00e7\u00e3o dos colaboradores. E naturalmente, que isto nos leva para melhores resultados organizacionais.\",\"breadcrumb\":{\"@id\":\"https:\/\/www.isqe.com\/a-importancia-crescente-do-social-learning-no-contexto-atual\/#breadcrumb\"},\"inLanguage\":\"es\",\"potentialAction\":[{\"@type\":\"ReadAction\",\"target\":[\"https:\/\/www.isqe.com\/a-importancia-crescente-do-social-learning-no-contexto-atual\/\"]}]},{\"@type\":\"ImageObject\",\"inLanguage\":\"es\",\"@id\":\"https:\/\/www.isqe.com\/a-importancia-crescente-do-social-learning-no-contexto-atual\/#primaryimage\",\"url\":\"https:\/\/www.isqe.com\/wp-content\/uploads\/2022\/01\/a-importancia-crescente-do-social-learning-no-contexto-atua-isqe.jpg\",\"contentUrl\":\"https:\/\/www.isqe.com\/wp-content\/uploads\/2022\/01\/a-importancia-crescente-do-social-learning-no-contexto-atua-isqe.jpg\",\"width\":1289,\"height\":468,\"caption\":\"ISQe, Social Learning\"},{\"@type\":\"BreadcrumbList\",\"@id\":\"https:\/\/www.isqe.com\/a-importancia-crescente-do-social-learning-no-contexto-atual\/#breadcrumb\",\"itemListElement\":[{\"@type\":\"ListItem\",\"position\":1,\"name\":\"In\u00edcio\",\"item\":\"https:\/\/www.isqe.com\/\"},{\"@type\":\"ListItem\",\"position\":2,\"name\":\"A import\u00e2ncia crescente do social learning no contexto atual\"}]},{\"@type\":\"WebSite\",\"@id\":\"https:\/\/www.isqe.com\/#website\",\"url\":\"https:\/\/www.isqe.com\/\",\"name\":\"ISQe\",\"description\":\"Engaging People\",\"publisher\":{\"@id\":\"https:\/\/www.isqe.com\/#organization\"},\"potentialAction\":[{\"@type\":\"SearchAction\",\"target\":{\"@type\":\"EntryPoint\",\"urlTemplate\":\"https:\/\/www.isqe.com\/?s={search_term_string}\"},\"query-input\":{\"@type\":\"PropertyValueSpecification\",\"valueRequired\":true,\"valueName\":\"search_term_string\"}}],\"inLanguage\":\"es\"},{\"@type\":\"Organization\",\"@id\":\"https:\/\/www.isqe.com\/#organization\",\"name\":\"ISQe\",\"url\":\"https:\/\/www.isqe.com\/\",\"logo\":{\"@type\":\"ImageObject\",\"inLanguage\":\"es\",\"@id\":\"https:\/\/www.isqe.com\/#\/schema\/logo\/image\/\",\"url\":\"https:\/\/www.isqe.com\/wp-content\/uploads\/2022\/01\/ISQe-logotipo-web.png\",\"contentUrl\":\"https:\/\/www.isqe.com\/wp-content\/uploads\/2022\/01\/ISQe-logotipo-web.png\",\"width\":842,\"height\":596,\"caption\":\"ISQe\"},\"image\":{\"@id\":\"https:\/\/www.isqe.com\/#\/schema\/logo\/image\/\"},\"sameAs\":[\"https:\/\/www.facebook.com\/ISQe.Engaging.People\",\"https:\/\/www.instagram.com\/isqe.engage.people\/\",\"https:\/\/pt.linkedin.com\/company\/isqe\",\"https:\/\/www.youtube.com\/channel\/UChrGaLoIk_sh__ZEoCzBjxA\/featured\"]},{\"@type\":\"Person\",\"@id\":\"https:\/\/www.isqe.com\/#\/schema\/person\/fde41b5891838fe116b994e1550cfc60\",\"name\":\"Filipe Seixas\",\"image\":{\"@type\":\"ImageObject\",\"inLanguage\":\"es\",\"@id\":\"https:\/\/www.isqe.com\/#\/schema\/person\/image\/\",\"url\":\"https:\/\/secure.gravatar.com\/avatar\/1f7ba5a4adadb45bb6df34938e0dd82634327786b61497e16d8607b065a93b1a?s=96&d=mm&r=g\",\"contentUrl\":\"https:\/\/secure.gravatar.com\/avatar\/1f7ba5a4adadb45bb6df34938e0dd82634327786b61497e16d8607b065a93b1a?s=96&d=mm&r=g\",\"caption\":\"Filipe Seixas\"},\"sameAs\":[\"http:\/\/isqe.com\"],\"url\":\"https:\/\/www.isqe.com\/es\/author\/filipe-seixasisqe-com\/\"}]}<\/script>\n<!-- \/ Yoast SEO plugin. -->","yoast_head_json":{"title":"A import\u00e2ncia crescente do social learning no contexto atual - ISQe","description":"Em s\u00edntese, o social learning deve ser encarado como uma metodologia crucial na estrat\u00e9gia e cultura de aprendizagem das organiza\u00e7\u00f5es pois promove uma efetiva melhoria na aprendizagem, colabora\u00e7\u00e3o e satisfa\u00e7\u00e3o dos colaboradores. E naturalmente, que isto nos leva para melhores resultados organizacionais.","robots":{"index":"index","follow":"follow","max-snippet":"max-snippet:-1","max-image-preview":"max-image-preview:large","max-video-preview":"max-video-preview:-1"},"canonical":"https:\/\/www.isqe.com\/es\/a-importancia-crescente-do-social-learning-no-contexto-atual\/","og_locale":"es_ES","og_type":"article","og_title":"A import\u00e2ncia crescente do social learning no contexto atual - ISQe","og_description":"Em s\u00edntese, o social learning deve ser encarado como uma metodologia crucial na estrat\u00e9gia e cultura de aprendizagem das organiza\u00e7\u00f5es pois promove uma efetiva melhoria na aprendizagem, colabora\u00e7\u00e3o e satisfa\u00e7\u00e3o dos colaboradores. E naturalmente, que isto nos leva para melhores resultados organizacionais.","og_url":"https:\/\/www.isqe.com\/es\/a-importancia-crescente-do-social-learning-no-contexto-atual\/","og_site_name":"ISQe","article_publisher":"https:\/\/www.facebook.com\/ISQe.Engaging.People","article_published_time":"2021-06-23T09:00:45+00:00","article_modified_time":"2022-08-10T08:31:20+00:00","og_image":[{"width":1289,"height":468,"url":"https:\/\/www.isqe.com\/wp-content\/uploads\/2022\/01\/a-importancia-crescente-do-social-learning-no-contexto-atua-isqe.jpg","type":"image\/jpeg"}],"author":"Filipe Seixas","twitter_card":"summary_large_image","twitter_misc":{"Escrito por":"Filipe Seixas","Tiempo de lectura":"5 minutos"},"schema":{"@context":"https:\/\/schema.org","@graph":[{"@type":"Article","@id":"https:\/\/www.isqe.com\/a-importancia-crescente-do-social-learning-no-contexto-atual\/#article","isPartOf":{"@id":"https:\/\/www.isqe.com\/a-importancia-crescente-do-social-learning-no-contexto-atual\/"},"author":{"name":"Filipe Seixas","@id":"https:\/\/www.isqe.com\/#\/schema\/person\/fde41b5891838fe116b994e1550cfc60"},"headline":"A import\u00e2ncia crescente do social learning no contexto atual","datePublished":"2021-06-23T09:00:45+00:00","dateModified":"2022-08-10T08:31:20+00:00","mainEntityOfPage":{"@id":"https:\/\/www.isqe.com\/a-importancia-crescente-do-social-learning-no-contexto-atual\/"},"wordCount":1145,"commentCount":109,"publisher":{"@id":"https:\/\/www.isqe.com\/#organization"},"image":{"@id":"https:\/\/www.isqe.com\/a-importancia-crescente-do-social-learning-no-contexto-atual\/#primaryimage"},"thumbnailUrl":"https:\/\/www.isqe.com\/wp-content\/uploads\/2022\/01\/a-importancia-crescente-do-social-learning-no-contexto-atua-isqe.jpg","articleSection":["Destaques ISQe"],"inLanguage":"es","potentialAction":[{"@type":"CommentAction","name":"Comment","target":["https:\/\/www.isqe.com\/a-importancia-crescente-do-social-learning-no-contexto-atual\/#respond"]}]},{"@type":"WebPage","@id":"https:\/\/www.isqe.com\/a-importancia-crescente-do-social-learning-no-contexto-atual\/","url":"https:\/\/www.isqe.com\/a-importancia-crescente-do-social-learning-no-contexto-atual\/","name":"A import\u00e2ncia crescente do social learning no contexto atual - ISQe","isPartOf":{"@id":"https:\/\/www.isqe.com\/#website"},"primaryImageOfPage":{"@id":"https:\/\/www.isqe.com\/a-importancia-crescente-do-social-learning-no-contexto-atual\/#primaryimage"},"image":{"@id":"https:\/\/www.isqe.com\/a-importancia-crescente-do-social-learning-no-contexto-atual\/#primaryimage"},"thumbnailUrl":"https:\/\/www.isqe.com\/wp-content\/uploads\/2022\/01\/a-importancia-crescente-do-social-learning-no-contexto-atua-isqe.jpg","datePublished":"2021-06-23T09:00:45+00:00","dateModified":"2022-08-10T08:31:20+00:00","description":"Em s\u00edntese, o social learning deve ser encarado como uma metodologia crucial na estrat\u00e9gia e cultura de aprendizagem das organiza\u00e7\u00f5es pois promove uma efetiva melhoria na aprendizagem, colabora\u00e7\u00e3o e satisfa\u00e7\u00e3o dos colaboradores. E naturalmente, que isto nos leva para melhores resultados organizacionais.","breadcrumb":{"@id":"https:\/\/www.isqe.com\/a-importancia-crescente-do-social-learning-no-contexto-atual\/#breadcrumb"},"inLanguage":"es","potentialAction":[{"@type":"ReadAction","target":["https:\/\/www.isqe.com\/a-importancia-crescente-do-social-learning-no-contexto-atual\/"]}]},{"@type":"ImageObject","inLanguage":"es","@id":"https:\/\/www.isqe.com\/a-importancia-crescente-do-social-learning-no-contexto-atual\/#primaryimage","url":"https:\/\/www.isqe.com\/wp-content\/uploads\/2022\/01\/a-importancia-crescente-do-social-learning-no-contexto-atua-isqe.jpg","contentUrl":"https:\/\/www.isqe.com\/wp-content\/uploads\/2022\/01\/a-importancia-crescente-do-social-learning-no-contexto-atua-isqe.jpg","width":1289,"height":468,"caption":"ISQe, Social Learning"},{"@type":"BreadcrumbList","@id":"https:\/\/www.isqe.com\/a-importancia-crescente-do-social-learning-no-contexto-atual\/#breadcrumb","itemListElement":[{"@type":"ListItem","position":1,"name":"In\u00edcio","item":"https:\/\/www.isqe.com\/"},{"@type":"ListItem","position":2,"name":"A import\u00e2ncia crescente do social learning no contexto atual"}]},{"@type":"WebSite","@id":"https:\/\/www.isqe.com\/#website","url":"https:\/\/www.isqe.com\/","name":"ISQe","description":"Engaging People","publisher":{"@id":"https:\/\/www.isqe.com\/#organization"},"potentialAction":[{"@type":"SearchAction","target":{"@type":"EntryPoint","urlTemplate":"https:\/\/www.isqe.com\/?s={search_term_string}"},"query-input":{"@type":"PropertyValueSpecification","valueRequired":true,"valueName":"search_term_string"}}],"inLanguage":"es"},{"@type":"Organization","@id":"https:\/\/www.isqe.com\/#organization","name":"ISQe","url":"https:\/\/www.isqe.com\/","logo":{"@type":"ImageObject","inLanguage":"es","@id":"https:\/\/www.isqe.com\/#\/schema\/logo\/image\/","url":"https:\/\/www.isqe.com\/wp-content\/uploads\/2022\/01\/ISQe-logotipo-web.png","contentUrl":"https:\/\/www.isqe.com\/wp-content\/uploads\/2022\/01\/ISQe-logotipo-web.png","width":842,"height":596,"caption":"ISQe"},"image":{"@id":"https:\/\/www.isqe.com\/#\/schema\/logo\/image\/"},"sameAs":["https:\/\/www.facebook.com\/ISQe.Engaging.People","https:\/\/www.instagram.com\/isqe.engage.people\/","https:\/\/pt.linkedin.com\/company\/isqe","https:\/\/www.youtube.com\/channel\/UChrGaLoIk_sh__ZEoCzBjxA\/featured"]},{"@type":"Person","@id":"https:\/\/www.isqe.com\/#\/schema\/person\/fde41b5891838fe116b994e1550cfc60","name":"Filipe Seixas","image":{"@type":"ImageObject","inLanguage":"es","@id":"https:\/\/www.isqe.com\/#\/schema\/person\/image\/","url":"https:\/\/secure.gravatar.com\/avatar\/1f7ba5a4adadb45bb6df34938e0dd82634327786b61497e16d8607b065a93b1a?s=96&d=mm&r=g","contentUrl":"https:\/\/secure.gravatar.com\/avatar\/1f7ba5a4adadb45bb6df34938e0dd82634327786b61497e16d8607b065a93b1a?s=96&d=mm&r=g","caption":"Filipe Seixas"},"sameAs":["http:\/\/isqe.com"],"url":"https:\/\/www.isqe.com\/es\/author\/filipe-seixasisqe-com\/"}]}},"_links":{"self":[{"href":"https:\/\/www.isqe.com\/es\/wp-json\/wp\/v2\/posts\/17261","targetHints":{"allow":["GET"]}}],"collection":[{"href":"https:\/\/www.isqe.com\/es\/wp-json\/wp\/v2\/posts"}],"about":[{"href":"https:\/\/www.isqe.com\/es\/wp-json\/wp\/v2\/types\/post"}],"author":[{"embeddable":true,"href":"https:\/\/www.isqe.com\/es\/wp-json\/wp\/v2\/users\/7"}],"replies":[{"embeddable":true,"href":"https:\/\/www.isqe.com\/es\/wp-json\/wp\/v2\/comments?post=17261"}],"version-history":[{"count":4,"href":"https:\/\/www.isqe.com\/es\/wp-json\/wp\/v2\/posts\/17261\/revisions"}],"predecessor-version":[{"id":17635,"href":"https:\/\/www.isqe.com\/es\/wp-json\/wp\/v2\/posts\/17261\/revisions\/17635"}],"wp:featuredmedia":[{"embeddable":true,"href":"https:\/\/www.isqe.com\/es\/wp-json\/wp\/v2\/media\/16024"}],"wp:attachment":[{"href":"https:\/\/www.isqe.com\/es\/wp-json\/wp\/v2\/media?parent=17261"}],"wp:term":[{"taxonomy":"category","embeddable":true,"href":"https:\/\/www.isqe.com\/es\/wp-json\/wp\/v2\/categories?post=17261"},{"taxonomy":"post_tag","embeddable":true,"href":"https:\/\/www.isqe.com\/es\/wp-json\/wp\/v2\/tags?post=17261"}],"curies":[{"name":"wp","href":"https:\/\/api.w.org\/{rel}","templated":true}]}}