{"id":17644,"date":"2022-08-19T08:31:56","date_gmt":"2022-08-19T08:31:56","guid":{"rendered":"https:\/\/www.isqe.com\/?p=17644"},"modified":"2022-12-07T10:36:59","modified_gmt":"2022-12-07T10:36:59","slug":"cultura-corporativa-assente-nas-pessoas","status":"publish","type":"post","link":"https:\/\/www.isqe.com\/en\/cultura-corporativa-assente-nas-pessoas\/","title":{"rendered":"A corporate culture adapted to our times, flexible and people-centred"},"content":{"rendered":"<div class=\"wpb-content-wrapper\"><div class=\"vc_row wpb_row section vc_row-fluid  vc_custom_1641469655035\" style=' text-align:left;'><div class=\"full_section_inner clearfix\"><div class=\"wpb_column vc_column_container vc_col-sm-12\"><div class=\"vc_column-inner\"><div class=\"wpb_wrapper\"><div class='q_elements_holder two_columns eh_two_columns_66_33 responsive_mode_from_768' ><div class='q_elements_item' data-animation='no' data-item-class='q_elements_holder_custom_181694' style='background-image: url(https:\/\/www.isqe.com\/wp-content\/uploads\/2022\/08\/ISQe_ConnectedWorkplace_2.png);background-position: center;background-size: cover;'><div class='q_elements_item_inner'><div class='q_elements_item_content q_elements_holder_custom_181694'><\/div><\/div><\/div><div class='q_elements_item' data-animation='no' data-item-class='q_elements_holder_custom_837330' style='background-color:#ed1b34;'><div class='q_elements_item_inner'><div class='q_elements_item_content q_elements_holder_custom_837330' style='padding:20% 10% 20% 10%'>\n\t<div class=\"wpb_text_column wpb_content_element\">\n\t\t<div class=\"wpb_wrapper\">\n\t\t\t<h2 style=\"text-align: left;\"><span style=\"color: #fff; font-size: 52px; text-transform: lowercase; letter-spacing: -4px; line-height: 0.9em;\">Connected Workplace\u00a0<\/span><\/h2>\n\n\t\t<\/div>\n\t<\/div><div class=\"separator  small left\" style=\"margin-top: 12px;background-color: #9d0b0f;\"><\/div>\n\t<div class=\"wpb_text_column wpb_content_element\">\n\t\t<div class=\"wpb_wrapper\">\n\t\t\t<h4><strong><span style=\"color: #ffffff;\">Cultura Corporativa adaptada aos nossos dias, flex\u00edvel e assente nas pessoas<\/span><\/strong><\/h4>\n\n\t\t<\/div>\n\t<\/div><div class=\"vc_empty_space\"  style=\"height: 100px\" >\n\t<span class=\"vc_empty_space_inner\">\n\t\t<span class=\"empty_space_image\"  ><\/span>\n\t<\/span>\n<\/div><\/div><\/div><\/div><\/div><\/div><\/div><\/div><\/div><\/div><div      class=\"vc_row wpb_row section vc_row-fluid\" style=' text-align:left;'><div class=\"full_section_inner clearfix\"><div class=\"wpb_column vc_column_container vc_col-sm-12\"><div class=\"vc_column-inner\"><div class=\"wpb_wrapper\"><div class=\"separator  transparent\" style=\"margin-top: 30px;margin-bottom: 0px;\"><\/div><div      class=\"vc_row wpb_row section vc_row-fluid vc_inner\" style=' text-align:left;'><div class=\"full_section_inner clearfix\"><div class=\"wpb_column vc_column_container vc_col-sm-6\"><div class=\"vc_column-inner\"><div class=\"wpb_wrapper\">\n\t<div class=\"wpb_text_column wpb_content_element\">\n\t\t<div class=\"wpb_wrapper\">\n\t\t\t<h4 style=\"text-align: center;\">O ISQe adotou uma nova metodologia de trabalho:<\/h4>\n<h4 style=\"text-align: center;\">sem barreiras, flex\u00edvel e sem depend\u00eancia de um espa\u00e7o f\u00edsico.<\/h4>\n<h4 style=\"text-align: center;\">Mas n\u00e3o se limitou a aderir ao h\u00edbrido.<\/h4>\n<p>&nbsp;<\/p>\n<p><strong>A pandemia transformou o modelo de trabalho tradicional, designadamente quanto ao local f\u00edsico dos colaboradores. Como se posiciona o ISQe neste contexto de mudan\u00e7a?<\/strong><\/p>\n<p>O ISQe assumiu, no in\u00edcio de 2022, uma nova fase em rela\u00e7\u00e3o \u00e0 sua metodologia de trabalho e gest\u00e3o de pessoas. Temos hoje uma estrutura resultante de um incremento acentuado de colaboradores, fruto dos \u00faltimos dois anos e, naturalmente o duplicar do n\u00famero de colaboradores traz novos desafios operacionais e de neg\u00f3cio mais exigentes, atendendo de forma incontorn\u00e1vel tamb\u00e9m ao contexto de pandemia que atravess\u00e1mos e as aprendizagens que da\u00ed resultaram. Para este modelo de trabalho, em toda a sua abrang\u00eancia, adot\u00e1mos a designa\u00e7\u00e3o de <strong>Connected Workplace<\/strong>. O Connected Workplace caracteriza-se pela din\u00e2mica de trabalho dos colaboradores e a sua rela\u00e7\u00e3o com as diferentes \u00e1reas de neg\u00f3cio e recursos dispon\u00edveis de suporte \u00e0 opera\u00e7\u00e3o. Est\u00e1 assente sobre um modelo produtivo de trabalho sem barreiras \u00e0 comunica\u00e7\u00e3o e colabora\u00e7\u00e3o, flex\u00edvel sem depend\u00eancia de um espa\u00e7o f\u00edsico, e que potencia um modelo h\u00edbrido de trabalho, assente sobre o nosso conceito <strong>WAVE<\/strong> (<strong>W<\/strong>ork <strong>The<\/strong>nywhere according to our <strong>V<\/strong>alues and <strong>E<\/strong>ngagement). Este modelo pretende assim contribuir para a generaliza\u00e7\u00e3o de um ambiente de trabalho assente na colabora\u00e7\u00e3o, partilha, flexibilidade de posto de trabalho, disponibilidade e adaptabilidade. Visa, tamb\u00e9m, incutir uma cultura corporativa moderna e inovadora, alinhada com a realidade organizacional, o potencial da empresa enquanto player de mercado e a envolvente socioecon\u00f3mica atual.<\/p>\n\n\t\t<\/div>\n\t<\/div><div class=\"separator  transparent\" style=\"\"><\/div>\n\t<div class=\"wpb_single_image wpb_content_element vc_align_center\">\n\t\t<div class=\"wpb_wrapper\">\n\t\t\t\n\t\t\t<div class=\"vc_single_image-wrapper   vc_box_border_grey\"><img loading=\"lazy\" decoding=\"async\" width=\"300\" height=\"256\" src=\"https:\/\/www.isqe.com\/wp-content\/uploads\/2022\/08\/ISQe_ConnectedWorkplace_4_1-300x256.png\" class=\"vc_single_image-img attachment-medium\" alt=\"\" title=\"ISQe_ConnectedWorkplace_4_1\" srcset=\"https:\/\/www.isqe.com\/wp-content\/uploads\/2022\/08\/ISQe_ConnectedWorkplace_4_1-300x256.png 300w, https:\/\/www.isqe.com\/wp-content\/uploads\/2022\/08\/ISQe_ConnectedWorkplace_4_1-768x654.png 768w, https:\/\/www.isqe.com\/wp-content\/uploads\/2022\/08\/ISQe_ConnectedWorkplace_4_1-14x12.png 14w, https:\/\/www.isqe.com\/wp-content\/uploads\/2022\/08\/ISQe_ConnectedWorkplace_4_1-700x596.png 700w, https:\/\/www.isqe.com\/wp-content\/uploads\/2022\/08\/ISQe_ConnectedWorkplace_4_1.png 797w\" sizes=\"auto, (max-width: 300px) 100vw, 300px\" \/><\/div>\n\t\t<\/div>\n\t<\/div>\n<div class=\"separator  transparent\" style=\"\"><\/div>\n\t<div class=\"wpb_text_column wpb_content_element\">\n\t\t<div class=\"wpb_wrapper\">\n\t\t\t<p><strong>A tecnologia assume um papel fundamental num modelo de trabalho h\u00edbrido. Que solu\u00e7\u00f5es utilizam para que este seja eficaz?<\/strong><\/p>\n<p>Na pr\u00e1tica, podemos afirmar que o Connected Workplace \u00e9 todo ele um ecossistema tecnol\u00f3gico totalmente integrado que se baseia em tr\u00eas pilares &#8211; pessoas, processos e tecnologia e todos eles contribuem para a constru\u00e7\u00e3o do Employer Value Proposition ISQe. Nas pessoas, consideramos o onboarding, a comunica\u00e7\u00e3o cont\u00ednua interna de engaging, os encontros trimestrais de toda a equipa e as atividades de equipa focadas na criatividade e inova\u00e7\u00e3o. Nos processos, o cumprimento das regras e boas pr\u00e1ticas impostas tamb\u00e9m pelas certifica\u00e7\u00f5es do ISQe, ISO 27001 e ISO 27701, a avalia\u00e7\u00e3o de desempenho, o reconhecimento por pares e chefias, o pr\u00e9mio de produtividade, a implementa\u00e7\u00e3o do medidor de \u00edndice de felicidade e o conceito de trabalho h\u00edbrido WAVE. Na tecnologia, a comunica\u00e7\u00e3o e colabora\u00e7\u00e3o atrav\u00e9s do Office 365 e Teams, o recrutamento, a forma\u00e7\u00e3o e a avalia\u00e7\u00e3o de desempenho atrav\u00e9s<\/p>\n\n\t\t<\/div>\n\t<\/div><div class=\"separator  transparent\" style=\"\"><\/div><\/div><\/div><\/div><div class=\"wpb_column vc_column_container vc_col-sm-6\"><div class=\"vc_column-inner\"><div class=\"wpb_wrapper\">\n\t<div class=\"wpb_text_column wpb_content_element\">\n\t\t<div class=\"wpb_wrapper\">\n\t\t\t<p>da plataforma Cornerstone, a gest\u00e3o de projetos, o registo de atividade e o suporte ao cliente atrav\u00e9s de uma plataforma CRM, a gest\u00e3o de espa\u00e7os e hotseats atrav\u00e9s da nossa ferramenta Workinoffice e o acesso centralizado atrav\u00e9s do nosso portal People, que \u00e9 a porta de entrada para o nosso Connected Workplace e para toda a gest\u00e3o de processos de RH.<\/p>\n\n\t\t<\/div>\n\t<\/div><div class=\"separator  transparent\" style=\"\"><\/div>\n\t<div class=\"wpb_text_column wpb_content_element\">\n\t\t<div class=\"wpb_wrapper\">\n\t\t\t<p><strong>D\u00e3o destaque \u00e0 forma\u00e7\u00e3o social, ou seja, ao que aprendemos uns com os outros. Com o desenvolvimento do trabalho remoto, como se evita esta perda importante de <\/strong><strong>conhecimento dentro da empresa?<\/strong><\/p>\n<p>Promovemos e queremos refor\u00e7ar o conhecimento informal e a partilha de experi\u00eancias entre as equipas. Ali\u00e1s, as nossas equipas, hoje em dia, j\u00e1 t\u00eam momentos de encontros dedicados apenas \u00e0 partilha de conhecimento e inova\u00e7\u00e3o. Nesse sentido, as tecnologias de suporte \u00e0 opera\u00e7\u00e3o como o Teams permitem transpor tamb\u00e9m para o online estes momentos. Por exemplo, uma das iniciativas internas que estamos a implementar, tamb\u00e9m neste \u00e2mbito, s\u00e3o as nossas ISQe Talks, que embora realizadas fisicamente a partir do nosso escrit\u00f3rio poder\u00e3o ser assistidas e ter interven\u00e7\u00f5es de forma s\u00edncrona tamb\u00e9m online.<\/p>\n\n\t\t<\/div>\n\t<\/div><div class=\"separator  transparent\" style=\"\"><\/div>\n\t<div class=\"wpb_text_column wpb_content_element\">\n\t\t<div class=\"wpb_wrapper\">\n\t\t\t<p><strong>Ainda falando na tecnologia, no caso da lideran\u00e7a, como a tecnologia pode ajudar na gest\u00e3o da equipa \u00e0 dist\u00e2ncia? Quais as melhores pr\u00e1ticas que est\u00e3o a implementar? <\/strong><\/p>\n<p>Promovemos uma Lideran\u00e7a humanizada, em que \u00e9 realizado um acompanhamento pr\u00f3ximo de projetos e pessoas, como uma pr\u00e1tica essencial. As reuni\u00f5es de equipa ou one to one t\u00eam ocorr\u00eancia regular predefinida, presencial ou online, por forma a otimizar agendas e recursos, e trimestralmente, s\u00e3o promovidos encontros que envolvem toda a estrutura com o objetivo de comunicar resultados e progressos.<\/p>\n\n\t\t<\/div>\n\t<\/div><div class=\"separator  transparent\" style=\"\"><\/div>\n\t<div class=\"wpb_text_column wpb_content_element\">\n\t\t<div class=\"wpb_wrapper\">\n\t\t\t<p><strong>Em termos de instala\u00e7\u00f5es e solu\u00e7\u00f5es cedidas aos colaboradores tamb\u00e9m foram introduzidas altera\u00e7\u00f5es decorrentes deste modelo de trabalho h\u00edbrido?<\/strong><\/p>\n<p><strong>\u00a0<\/strong>O escrit\u00f3rio \u00e9 o nosso espa\u00e7o privilegiado para o onboarding, reuni\u00f5es de brainstorming e design thinking, reuni\u00f5es de \u00e1rea ou reuni\u00f5es de equipa de projeto, sendo que cada colaborador pode definir a sua presen\u00e7a no escrit\u00f3rio em fun\u00e7\u00e3o das atividades a realizar semanalmente e de acordo com as indica\u00e7\u00f5es do respetivo gestor de cada \u00e1rea de neg\u00f3cio.<\/p>\n<p>Estamos neste momento a reconfigurar todo o nosso escrit\u00f3rio, que contempla n\u00e3o s\u00f3 um rebranding mas tamb\u00e9m altera\u00e7\u00f5es f\u00edsicas e otimiza\u00e7\u00e3o dos espa\u00e7os e mobili\u00e1rio orientado a este novo modelo de trabalho, para que desta forma seja assegurada a flexibilidade dos postos de trabalho, em que cada colaborador reserva o melhor espa\u00e7o para as atividades que tem a realizar.<\/p>\n\n\t\t<\/div>\n\t<\/div><div class=\"separator  transparent\" style=\"\"><\/div>\n\t<div class=\"wpb_single_image wpb_content_element vc_align_center\">\n\t\t<div class=\"wpb_wrapper\">\n\t\t\t\n\t\t\t<div class=\"vc_single_image-wrapper   vc_box_border_grey\"><img loading=\"lazy\" decoding=\"async\" width=\"300\" height=\"256\" src=\"https:\/\/www.isqe.com\/wp-content\/uploads\/2022\/08\/Imagem_Artigo_RHMagazine_4_2-300x256.png\" class=\"vc_single_image-img attachment-medium\" alt=\"\" title=\"Imagem_Artigo_RHMagazine_4_2\" srcset=\"https:\/\/www.isqe.com\/wp-content\/uploads\/2022\/08\/Imagem_Artigo_RHMagazine_4_2-300x256.png 300w, https:\/\/www.isqe.com\/wp-content\/uploads\/2022\/08\/Imagem_Artigo_RHMagazine_4_2-768x654.png 768w, https:\/\/www.isqe.com\/wp-content\/uploads\/2022\/08\/Imagem_Artigo_RHMagazine_4_2-14x12.png 14w, https:\/\/www.isqe.com\/wp-content\/uploads\/2022\/08\/Imagem_Artigo_RHMagazine_4_2-700x596.png 700w, https:\/\/www.isqe.com\/wp-content\/uploads\/2022\/08\/Imagem_Artigo_RHMagazine_4_2.png 797w\" sizes=\"auto, (max-width: 300px) 100vw, 300px\" \/><\/div>\n\t\t<\/div>\n\t<\/div>\n<div class=\"separator  transparent\" style=\"\"><\/div><\/div><\/div><\/div><\/div><\/div><div class=\"separator  transparent\" style=\"margin-top: 2px;margin-bottom: 0px;\"><\/div>\n\t<div class=\"wpb_text_column wpb_content_element\">\n\t\t<div class=\"wpb_wrapper\">\n\t\t\t\n\t\t<\/div>\n\t<\/div><div class=\"separator  transparent\" style=\"\"><\/div>\n\t<div class=\"wpb_single_image wpb_content_element vc_align_left\">\n\t\t<div class=\"wpb_wrapper\">\n\t\t\t\n\t\t\t<div class=\"vc_single_image-wrapper   vc_box_border_grey\"><img loading=\"lazy\" decoding=\"async\" width=\"150\" height=\"150\" src=\"https:\/\/www.isqe.com\/wp-content\/uploads\/2022\/12\/PedroReisCoelho-150x150.png\" class=\"vc_single_image-img attachment-thumbnail\" alt=\"\" title=\"PedroReisCoelho\" srcset=\"https:\/\/www.isqe.com\/wp-content\/uploads\/2022\/12\/PedroReisCoelho-150x150.png 150w, https:\/\/www.isqe.com\/wp-content\/uploads\/2022\/12\/PedroReisCoelho-300x300.png 300w, https:\/\/www.isqe.com\/wp-content\/uploads\/2022\/12\/PedroReisCoelho-1024x1024.png 1024w, https:\/\/www.isqe.com\/wp-content\/uploads\/2022\/12\/PedroReisCoelho-768x768.png 768w, https:\/\/www.isqe.com\/wp-content\/uploads\/2022\/12\/PedroReisCoelho-12x12.png 12w, https:\/\/www.isqe.com\/wp-content\/uploads\/2022\/12\/PedroReisCoelho-570x570.png 570w, https:\/\/www.isqe.com\/wp-content\/uploads\/2022\/12\/PedroReisCoelho-500x500.png 500w, https:\/\/www.isqe.com\/wp-content\/uploads\/2022\/12\/PedroReisCoelho-1000x1000.png 1000w, https:\/\/www.isqe.com\/wp-content\/uploads\/2022\/12\/PedroReisCoelho-700x700.png 700w, https:\/\/www.isqe.com\/wp-content\/uploads\/2022\/12\/PedroReisCoelho.png 1080w\" sizes=\"auto, (max-width: 150px) 100vw, 150px\" \/><\/div>\n\t\t<\/div>\n\t<\/div>\n<div class=\"separator  transparent\" style=\"\"><\/div>\n\t<div class=\"wpb_text_column wpb_content_element\">\n\t\t<div class=\"wpb_wrapper\">\n\t\t\t<h6><\/h6>\n<h6>Pedro Reis Coelho, Diretor Sales &amp; Marketing no ISQe<\/h6>\n<h6>Esta entrevista foi publicada no suplemento especial de Best Practices HR da RH Magazine, distribu\u00eddo em conjunto com a edi\u00e7\u00e3o 140, Maio\/Junho 2022,\u00a0 da RHmagazine .<\/h6>\n<p>&nbsp;<\/p>\n<p><a href=\"https:\/\/www.isqe.com\/wp-content\/uploads\/2022\/08\/38-39-RHM140-Entrevista-ISQe_Separata_BestPractices.pdf\">Download PDF<\/a><\/p>\n\n\t\t<\/div>\n\t<\/div><div class=\"separator  transparent\" style=\"\"><\/div><\/div><\/div><\/div><\/div><\/div>\n<\/div>","protected":false},"excerpt":{"rendered":"<p>O ISQe adotou uma nova metodologia de trabalho: sem barreiras, flex\u00edvel e sem depend\u00eancia de um espa\u00e7o f\u00edsico. Mas n\u00e3o se limitou a aderir ao h\u00edbrido.<\/p>","protected":false},"author":7,"featured_media":17652,"comment_status":"open","ping_status":"open","sticky":false,"template":"","format":"standard","meta":{"_monsterinsights_skip_tracking":false,"_monsterinsights_sitenote_active":false,"_monsterinsights_sitenote_note":"","_monsterinsights_sitenote_category":0,"footnotes":""},"categories":[109],"tags":[],"class_list":["post-17644","post","type-post","status-publish","format-standard","has-post-thumbnail","hentry","category-destaques-isqe"],"yoast_head":"<!-- This site is optimized with the Yoast SEO plugin v26.6 - https:\/\/yoast.com\/wordpress\/plugins\/seo\/ -->\n<title>Cultura corporativa adaptada aos nossos dias, flex\u00edvel e assente nas pessoas -<\/title>\n<meta name=\"description\" content=\"Connected Workplace, Cultura corporativa do ISQe \u00e9 adaptada aos nossos dias, flex\u00edvel e assente nas pessoas.\" \/>\n<meta name=\"robots\" content=\"index, follow, max-snippet:-1, max-image-preview:large, max-video-preview:-1\" \/>\n<link rel=\"canonical\" href=\"https:\/\/www.isqe.com\/en\/cultura-corporativa-assente-nas-pessoas\/\" \/>\n<meta property=\"og:locale\" content=\"en_US\" \/>\n<meta property=\"og:type\" content=\"article\" \/>\n<meta property=\"og:title\" content=\"Cultura corporativa adaptada aos nossos dias, flex\u00edvel e assente nas pessoas -\" \/>\n<meta property=\"og:description\" content=\"Connected Workplace, Cultura corporativa do ISQe \u00e9 adaptada aos nossos dias, flex\u00edvel e assente nas pessoas.\" \/>\n<meta property=\"og:url\" content=\"https:\/\/www.isqe.com\/en\/cultura-corporativa-assente-nas-pessoas\/\" \/>\n<meta property=\"og:site_name\" content=\"ISQe\" \/>\n<meta property=\"article:publisher\" content=\"https:\/\/www.facebook.com\/ISQe.Engaging.People\" \/>\n<meta property=\"article:published_time\" content=\"2022-08-19T08:31:56+00:00\" \/>\n<meta property=\"article:modified_time\" content=\"2022-12-07T10:36:59+00:00\" \/>\n<meta property=\"og:image\" content=\"https:\/\/www.isqe.com\/wp-content\/uploads\/2022\/08\/ISQe_ConnectedWorkplace_2.png\" \/>\n\t<meta property=\"og:image:width\" content=\"1050\" \/>\n\t<meta property=\"og:image:height\" content=\"487\" \/>\n\t<meta property=\"og:image:type\" content=\"image\/png\" \/>\n<meta name=\"author\" content=\"Filipe Seixas\" \/>\n<meta name=\"twitter:card\" content=\"summary_large_image\" \/>\n<meta name=\"twitter:label1\" content=\"Written by\" \/>\n\t<meta name=\"twitter:data1\" content=\"Filipe Seixas\" \/>\n\t<meta name=\"twitter:label2\" content=\"Est. reading time\" \/>\n\t<meta name=\"twitter:data2\" content=\"6 minutes\" \/>\n<script type=\"application\/ld+json\" class=\"yoast-schema-graph\">{\"@context\":\"https:\/\/schema.org\",\"@graph\":[{\"@type\":\"Article\",\"@id\":\"https:\/\/www.isqe.com\/cultura-corporativa-assente-nas-pessoas\/#article\",\"isPartOf\":{\"@id\":\"https:\/\/www.isqe.com\/cultura-corporativa-assente-nas-pessoas\/\"},\"author\":{\"name\":\"Filipe Seixas\",\"@id\":\"https:\/\/www.isqe.com\/#\/schema\/person\/fde41b5891838fe116b994e1550cfc60\"},\"headline\":\"Cultura corporativa adaptada aos nossos dias, flex\u00edvel e assente nas pessoas\",\"datePublished\":\"2022-08-19T08:31:56+00:00\",\"dateModified\":\"2022-12-07T10:36:59+00:00\",\"mainEntityOfPage\":{\"@id\":\"https:\/\/www.isqe.com\/cultura-corporativa-assente-nas-pessoas\/\"},\"wordCount\":1304,\"commentCount\":121,\"publisher\":{\"@id\":\"https:\/\/www.isqe.com\/#organization\"},\"image\":{\"@id\":\"https:\/\/www.isqe.com\/cultura-corporativa-assente-nas-pessoas\/#primaryimage\"},\"thumbnailUrl\":\"https:\/\/www.isqe.com\/wp-content\/uploads\/2022\/08\/ISQe_ConnectedWorkplace_2.png\",\"articleSection\":[\"Destaques ISQe\"],\"inLanguage\":\"en-US\",\"potentialAction\":[{\"@type\":\"CommentAction\",\"name\":\"Comment\",\"target\":[\"https:\/\/www.isqe.com\/cultura-corporativa-assente-nas-pessoas\/#respond\"]}]},{\"@type\":\"WebPage\",\"@id\":\"https:\/\/www.isqe.com\/cultura-corporativa-assente-nas-pessoas\/\",\"url\":\"https:\/\/www.isqe.com\/cultura-corporativa-assente-nas-pessoas\/\",\"name\":\"Cultura corporativa adaptada aos nossos dias, flex\u00edvel e assente nas pessoas -\",\"isPartOf\":{\"@id\":\"https:\/\/www.isqe.com\/#website\"},\"primaryImageOfPage\":{\"@id\":\"https:\/\/www.isqe.com\/cultura-corporativa-assente-nas-pessoas\/#primaryimage\"},\"image\":{\"@id\":\"https:\/\/www.isqe.com\/cultura-corporativa-assente-nas-pessoas\/#primaryimage\"},\"thumbnailUrl\":\"https:\/\/www.isqe.com\/wp-content\/uploads\/2022\/08\/ISQe_ConnectedWorkplace_2.png\",\"datePublished\":\"2022-08-19T08:31:56+00:00\",\"dateModified\":\"2022-12-07T10:36:59+00:00\",\"description\":\"Connected Workplace, Cultura corporativa do ISQe \u00e9 adaptada aos nossos dias, flex\u00edvel e assente nas pessoas.\",\"breadcrumb\":{\"@id\":\"https:\/\/www.isqe.com\/cultura-corporativa-assente-nas-pessoas\/#breadcrumb\"},\"inLanguage\":\"en-US\",\"potentialAction\":[{\"@type\":\"ReadAction\",\"target\":[\"https:\/\/www.isqe.com\/cultura-corporativa-assente-nas-pessoas\/\"]}]},{\"@type\":\"ImageObject\",\"inLanguage\":\"en-US\",\"@id\":\"https:\/\/www.isqe.com\/cultura-corporativa-assente-nas-pessoas\/#primaryimage\",\"url\":\"https:\/\/www.isqe.com\/wp-content\/uploads\/2022\/08\/ISQe_ConnectedWorkplace_2.png\",\"contentUrl\":\"https:\/\/www.isqe.com\/wp-content\/uploads\/2022\/08\/ISQe_ConnectedWorkplace_2.png\",\"width\":1050,\"height\":487},{\"@type\":\"BreadcrumbList\",\"@id\":\"https:\/\/www.isqe.com\/cultura-corporativa-assente-nas-pessoas\/#breadcrumb\",\"itemListElement\":[{\"@type\":\"ListItem\",\"position\":1,\"name\":\"In\u00edcio\",\"item\":\"https:\/\/www.isqe.com\/\"},{\"@type\":\"ListItem\",\"position\":2,\"name\":\"Cultura corporativa adaptada aos nossos dias, flex\u00edvel e assente nas pessoas\"}]},{\"@type\":\"WebSite\",\"@id\":\"https:\/\/www.isqe.com\/#website\",\"url\":\"https:\/\/www.isqe.com\/\",\"name\":\"ISQe\",\"description\":\"Engaging People\",\"publisher\":{\"@id\":\"https:\/\/www.isqe.com\/#organization\"},\"potentialAction\":[{\"@type\":\"SearchAction\",\"target\":{\"@type\":\"EntryPoint\",\"urlTemplate\":\"https:\/\/www.isqe.com\/?s={search_term_string}\"},\"query-input\":{\"@type\":\"PropertyValueSpecification\",\"valueRequired\":true,\"valueName\":\"search_term_string\"}}],\"inLanguage\":\"en-US\"},{\"@type\":\"Organization\",\"@id\":\"https:\/\/www.isqe.com\/#organization\",\"name\":\"ISQe\",\"url\":\"https:\/\/www.isqe.com\/\",\"logo\":{\"@type\":\"ImageObject\",\"inLanguage\":\"en-US\",\"@id\":\"https:\/\/www.isqe.com\/#\/schema\/logo\/image\/\",\"url\":\"https:\/\/www.isqe.com\/wp-content\/uploads\/2022\/01\/ISQe-logotipo-web.png\",\"contentUrl\":\"https:\/\/www.isqe.com\/wp-content\/uploads\/2022\/01\/ISQe-logotipo-web.png\",\"width\":842,\"height\":596,\"caption\":\"ISQe\"},\"image\":{\"@id\":\"https:\/\/www.isqe.com\/#\/schema\/logo\/image\/\"},\"sameAs\":[\"https:\/\/www.facebook.com\/ISQe.Engaging.People\",\"https:\/\/www.instagram.com\/isqe.engage.people\/\",\"https:\/\/pt.linkedin.com\/company\/isqe\",\"https:\/\/www.youtube.com\/channel\/UChrGaLoIk_sh__ZEoCzBjxA\/featured\"]},{\"@type\":\"Person\",\"@id\":\"https:\/\/www.isqe.com\/#\/schema\/person\/fde41b5891838fe116b994e1550cfc60\",\"name\":\"Filipe Seixas\",\"image\":{\"@type\":\"ImageObject\",\"inLanguage\":\"en-US\",\"@id\":\"https:\/\/www.isqe.com\/#\/schema\/person\/image\/\",\"url\":\"https:\/\/secure.gravatar.com\/avatar\/1f7ba5a4adadb45bb6df34938e0dd82634327786b61497e16d8607b065a93b1a?s=96&d=mm&r=g\",\"contentUrl\":\"https:\/\/secure.gravatar.com\/avatar\/1f7ba5a4adadb45bb6df34938e0dd82634327786b61497e16d8607b065a93b1a?s=96&d=mm&r=g\",\"caption\":\"Filipe Seixas\"},\"sameAs\":[\"http:\/\/isqe.com\"],\"url\":\"https:\/\/www.isqe.com\/en\/author\/filipe-seixasisqe-com\/\"}]}<\/script>\n<!-- \/ Yoast SEO plugin. -->","yoast_head_json":{"title":"Cultura corporativa adaptada aos nossos dias, flex\u00edvel e assente nas pessoas -","description":"Connected Workplace, Cultura corporativa do ISQe \u00e9 adaptada aos nossos dias, flex\u00edvel e assente nas pessoas.","robots":{"index":"index","follow":"follow","max-snippet":"max-snippet:-1","max-image-preview":"max-image-preview:large","max-video-preview":"max-video-preview:-1"},"canonical":"https:\/\/www.isqe.com\/en\/cultura-corporativa-assente-nas-pessoas\/","og_locale":"en_US","og_type":"article","og_title":"Cultura corporativa adaptada aos nossos dias, flex\u00edvel e assente nas pessoas -","og_description":"Connected Workplace, Cultura corporativa do ISQe \u00e9 adaptada aos nossos dias, flex\u00edvel e assente nas pessoas.","og_url":"https:\/\/www.isqe.com\/en\/cultura-corporativa-assente-nas-pessoas\/","og_site_name":"ISQe","article_publisher":"https:\/\/www.facebook.com\/ISQe.Engaging.People","article_published_time":"2022-08-19T08:31:56+00:00","article_modified_time":"2022-12-07T10:36:59+00:00","og_image":[{"width":1050,"height":487,"url":"https:\/\/www.isqe.com\/wp-content\/uploads\/2022\/08\/ISQe_ConnectedWorkplace_2.png","type":"image\/png"}],"author":"Filipe Seixas","twitter_card":"summary_large_image","twitter_misc":{"Written by":"Filipe Seixas","Est. reading time":"6 minutes"},"schema":{"@context":"https:\/\/schema.org","@graph":[{"@type":"Article","@id":"https:\/\/www.isqe.com\/cultura-corporativa-assente-nas-pessoas\/#article","isPartOf":{"@id":"https:\/\/www.isqe.com\/cultura-corporativa-assente-nas-pessoas\/"},"author":{"name":"Filipe Seixas","@id":"https:\/\/www.isqe.com\/#\/schema\/person\/fde41b5891838fe116b994e1550cfc60"},"headline":"Cultura corporativa adaptada aos nossos dias, flex\u00edvel e assente nas pessoas","datePublished":"2022-08-19T08:31:56+00:00","dateModified":"2022-12-07T10:36:59+00:00","mainEntityOfPage":{"@id":"https:\/\/www.isqe.com\/cultura-corporativa-assente-nas-pessoas\/"},"wordCount":1304,"commentCount":121,"publisher":{"@id":"https:\/\/www.isqe.com\/#organization"},"image":{"@id":"https:\/\/www.isqe.com\/cultura-corporativa-assente-nas-pessoas\/#primaryimage"},"thumbnailUrl":"https:\/\/www.isqe.com\/wp-content\/uploads\/2022\/08\/ISQe_ConnectedWorkplace_2.png","articleSection":["Destaques ISQe"],"inLanguage":"en-US","potentialAction":[{"@type":"CommentAction","name":"Comment","target":["https:\/\/www.isqe.com\/cultura-corporativa-assente-nas-pessoas\/#respond"]}]},{"@type":"WebPage","@id":"https:\/\/www.isqe.com\/cultura-corporativa-assente-nas-pessoas\/","url":"https:\/\/www.isqe.com\/cultura-corporativa-assente-nas-pessoas\/","name":"Cultura corporativa adaptada aos nossos dias, flex\u00edvel e assente nas pessoas -","isPartOf":{"@id":"https:\/\/www.isqe.com\/#website"},"primaryImageOfPage":{"@id":"https:\/\/www.isqe.com\/cultura-corporativa-assente-nas-pessoas\/#primaryimage"},"image":{"@id":"https:\/\/www.isqe.com\/cultura-corporativa-assente-nas-pessoas\/#primaryimage"},"thumbnailUrl":"https:\/\/www.isqe.com\/wp-content\/uploads\/2022\/08\/ISQe_ConnectedWorkplace_2.png","datePublished":"2022-08-19T08:31:56+00:00","dateModified":"2022-12-07T10:36:59+00:00","description":"Connected Workplace, Cultura corporativa do ISQe \u00e9 adaptada aos nossos dias, flex\u00edvel e assente nas pessoas.","breadcrumb":{"@id":"https:\/\/www.isqe.com\/cultura-corporativa-assente-nas-pessoas\/#breadcrumb"},"inLanguage":"en-US","potentialAction":[{"@type":"ReadAction","target":["https:\/\/www.isqe.com\/cultura-corporativa-assente-nas-pessoas\/"]}]},{"@type":"ImageObject","inLanguage":"en-US","@id":"https:\/\/www.isqe.com\/cultura-corporativa-assente-nas-pessoas\/#primaryimage","url":"https:\/\/www.isqe.com\/wp-content\/uploads\/2022\/08\/ISQe_ConnectedWorkplace_2.png","contentUrl":"https:\/\/www.isqe.com\/wp-content\/uploads\/2022\/08\/ISQe_ConnectedWorkplace_2.png","width":1050,"height":487},{"@type":"BreadcrumbList","@id":"https:\/\/www.isqe.com\/cultura-corporativa-assente-nas-pessoas\/#breadcrumb","itemListElement":[{"@type":"ListItem","position":1,"name":"In\u00edcio","item":"https:\/\/www.isqe.com\/"},{"@type":"ListItem","position":2,"name":"Cultura corporativa adaptada aos nossos dias, flex\u00edvel e assente nas pessoas"}]},{"@type":"WebSite","@id":"https:\/\/www.isqe.com\/#website","url":"https:\/\/www.isqe.com\/","name":"ISQe","description":"Engaging People","publisher":{"@id":"https:\/\/www.isqe.com\/#organization"},"potentialAction":[{"@type":"SearchAction","target":{"@type":"EntryPoint","urlTemplate":"https:\/\/www.isqe.com\/?s={search_term_string}"},"query-input":{"@type":"PropertyValueSpecification","valueRequired":true,"valueName":"search_term_string"}}],"inLanguage":"en-US"},{"@type":"Organization","@id":"https:\/\/www.isqe.com\/#organization","name":"ISQe","url":"https:\/\/www.isqe.com\/","logo":{"@type":"ImageObject","inLanguage":"en-US","@id":"https:\/\/www.isqe.com\/#\/schema\/logo\/image\/","url":"https:\/\/www.isqe.com\/wp-content\/uploads\/2022\/01\/ISQe-logotipo-web.png","contentUrl":"https:\/\/www.isqe.com\/wp-content\/uploads\/2022\/01\/ISQe-logotipo-web.png","width":842,"height":596,"caption":"ISQe"},"image":{"@id":"https:\/\/www.isqe.com\/#\/schema\/logo\/image\/"},"sameAs":["https:\/\/www.facebook.com\/ISQe.Engaging.People","https:\/\/www.instagram.com\/isqe.engage.people\/","https:\/\/pt.linkedin.com\/company\/isqe","https:\/\/www.youtube.com\/channel\/UChrGaLoIk_sh__ZEoCzBjxA\/featured"]},{"@type":"Person","@id":"https:\/\/www.isqe.com\/#\/schema\/person\/fde41b5891838fe116b994e1550cfc60","name":"Filipe Seixas","image":{"@type":"ImageObject","inLanguage":"en-US","@id":"https:\/\/www.isqe.com\/#\/schema\/person\/image\/","url":"https:\/\/secure.gravatar.com\/avatar\/1f7ba5a4adadb45bb6df34938e0dd82634327786b61497e16d8607b065a93b1a?s=96&d=mm&r=g","contentUrl":"https:\/\/secure.gravatar.com\/avatar\/1f7ba5a4adadb45bb6df34938e0dd82634327786b61497e16d8607b065a93b1a?s=96&d=mm&r=g","caption":"Filipe Seixas"},"sameAs":["http:\/\/isqe.com"],"url":"https:\/\/www.isqe.com\/en\/author\/filipe-seixasisqe-com\/"}]}},"_links":{"self":[{"href":"https:\/\/www.isqe.com\/en\/wp-json\/wp\/v2\/posts\/17644","targetHints":{"allow":["GET"]}}],"collection":[{"href":"https:\/\/www.isqe.com\/en\/wp-json\/wp\/v2\/posts"}],"about":[{"href":"https:\/\/www.isqe.com\/en\/wp-json\/wp\/v2\/types\/post"}],"author":[{"embeddable":true,"href":"https:\/\/www.isqe.com\/en\/wp-json\/wp\/v2\/users\/7"}],"replies":[{"embeddable":true,"href":"https:\/\/www.isqe.com\/en\/wp-json\/wp\/v2\/comments?post=17644"}],"version-history":[{"count":16,"href":"https:\/\/www.isqe.com\/en\/wp-json\/wp\/v2\/posts\/17644\/revisions"}],"predecessor-version":[{"id":18097,"href":"https:\/\/www.isqe.com\/en\/wp-json\/wp\/v2\/posts\/17644\/revisions\/18097"}],"wp:featuredmedia":[{"embeddable":true,"href":"https:\/\/www.isqe.com\/en\/wp-json\/wp\/v2\/media\/17652"}],"wp:attachment":[{"href":"https:\/\/www.isqe.com\/en\/wp-json\/wp\/v2\/media?parent=17644"}],"wp:term":[{"taxonomy":"category","embeddable":true,"href":"https:\/\/www.isqe.com\/en\/wp-json\/wp\/v2\/categories?post=17644"},{"taxonomy":"post_tag","embeddable":true,"href":"https:\/\/www.isqe.com\/en\/wp-json\/wp\/v2\/tags?post=17644"}],"curies":[{"name":"wp","href":"https:\/\/api.w.org\/{rel}","templated":true}]}}